{"id":53046,"date":"2021-12-18T14:28:14","date_gmt":"2021-12-18T21:28:14","guid":{"rendered":"https:\/\/portaltactica.com\/?p=53046"},"modified":"2021-12-18T14:28:14","modified_gmt":"2021-12-18T21:28:14","slug":"formalizan-nombramiento-de-fabiola-verde-rosas-como-titular-del-imdem","status":"publish","type":"post","link":"https:\/\/portaltactica.com\/?p=53046","title":{"rendered":"Formalizan nombramiento de Fabiola Verde Rosas como titular del Imdem"},"content":{"rendered":"\n<p>Rinden protesta integrantes de la Junta de Gobierno del Instituto del Deporte.<\/p>\n\n\n\n<p>Mazatl\u00e1n.- En la primera Sesi\u00f3n Extraordinaria de la Junta de Gobierno del Instituto Municipal del Deporte, se formaliz\u00f3 el nombramiento de Fabiola Judith Verde Rosas como directora de esta dependencia, quien junto con los integrantes de este \u00f3rgano rindi\u00f3 protesta.<\/p>\n\n\n\n<p><br>La tarde de este s\u00e1bado, el Secretario del Ayuntamiento, \u00c9dgar Augusto Gonz\u00e1lez Zatar\u00e1in, en representaci\u00f3n del Alcalde Luis Guillermo Benitez Torres, encabez\u00f3 la reuni\u00f3n en la sala de Cabildo y como parte del orden del d\u00eda de la sesi\u00f3n fueron desahogados siete puntos.<\/p>\n\n\n\n<p><br>Se inform\u00f3 que la Junta de Gobierno estar\u00e1 conformada por el Qu\u00edmico Benitez Torres; la S\u00edndica Procuradora, Claudia Magdalena C\u00e1rdenas D\u00edaz; el Secretario del Ayuntamiento, \u00c9dgar Augusto Gonz\u00e1lez Zatar\u00e1in; y el Tesorero Municipal, Jes\u00fas Javier Alarc\u00f3n Lizarraga.<\/p>\n\n\n\n<p><br>Asimismo, forman parte de este \u00f3rgano la Oficial Mayor Nayla Adilene Velarde Narv\u00e1ez, el Director de Bienestar y Desarrollo Social, Tonati\u00fa Guerra Mart\u00ednez; el Regidor Roberto Rodr\u00edguez Liz\u00e1rraga; as\u00ed como V\u00edctor Javier Gonz\u00e1lez Olson, Carlos Su\u00e1rez Guti\u00e9rrez y Carolina P\u00e9rez Villanueva. <\/p>\n\n\n\n<p><br>En la sesi\u00f3n tambi\u00e9n fue avalada la remoci\u00f3n de Jorge Alberto Palomino Rodr\u00edguez como director del Imdem.<\/p>\n\n\n\n<figure class=\"wp-block-image size-full\"><img fetchpriority=\"high\" decoding=\"async\" width=\"1280\" height=\"935\" src=\"https:\/\/portaltactica.com\/wp-content\/uploads\/2021\/12\/IMG-20211218-WA0054.jpg\" alt=\"\" class=\"wp-image-53045\" srcset=\"https:\/\/portaltactica.com\/wp-content\/uploads\/2021\/12\/IMG-20211218-WA0054.jpg 1280w, https:\/\/portaltactica.com\/wp-content\/uploads\/2021\/12\/IMG-20211218-WA0054-768x561.jpg 768w, https:\/\/portaltactica.com\/wp-content\/uploads\/2021\/12\/IMG-20211218-WA0054-1170x855.jpg 1170w, https:\/\/portaltactica.com\/wp-content\/uploads\/2021\/12\/IMG-20211218-WA0054-585x427.jpg 585w\" sizes=\"(max-width: 1280px) 100vw, 1280px\" \/><\/figure>\n<div class='share-to-whatsapp-wrapper'><div class='share-on-whsp'>Share on: <\/div><a data-text='Formalizan nombramiento de Fabiola Verde Rosas como titular del Imdem' data-link='https:\/\/portaltactica.com\/?p=53046' class='whatsapp-button whatsapp-share'>WhatsApp<\/a><div class='clear '><\/div><\/div>","protected":false},"excerpt":{"rendered":"<p>Rinden protesta integrantes de la Junta de Gobierno del Instituto del Deporte. Mazatl\u00e1n.- En la primera Sesi\u00f3n Extraordinaria de la Junta&hellip;<\/p>\n","protected":false},"author":1,"featured_media":53044,"comment_status":"open","ping_status":"open","sticky":false,"template":"","format":"standard","meta":{"advanced_seo_description":"","jetpack_seo_html_title":"","jetpack_seo_noindex":false,"_jetpack_memberships_contains_paid_content":false,"footnotes":"","jetpack_publicize_message":"","jetpack_publicize_feature_enabled":true,"jetpack_social_post_already_shared":true,"jetpack_social_options":{"image_generator_settings":{"template":"highway","default_image_id":0,"font":"","enabled":false},"version":2}},"categories":[1899,1896],"tags":[37],"class_list":["post-53046","post","type-post","status-publish","format-standard","has-post-thumbnail","hentry","category-destacado-mazatlan","category-destacado-portada","tag-imdem"],"jetpack_publicize_connections":[],"jetpack_featured_media_url":"https:\/\/portaltactica.com\/wp-content\/uploads\/2021\/12\/IMG-20211218-WA0052.jpg","jetpack_sharing_enabled":true,"_links":{"self":[{"href":"https:\/\/portaltactica.com\/index.php?rest_route=\/wp\/v2\/posts\/53046","targetHints":{"allow":["GET"]}}],"collection":[{"href":"https:\/\/portaltactica.com\/index.php?rest_route=\/wp\/v2\/posts"}],"about":[{"href":"https:\/\/portaltactica.com\/index.php?rest_route=\/wp\/v2\/types\/post"}],"author":[{"embeddable":true,"href":"https:\/\/portaltactica.com\/index.php?rest_route=\/wp\/v2\/users\/1"}],"replies":[{"embeddable":true,"href":"https:\/\/portaltactica.com\/index.php?rest_route=%2Fwp%2Fv2%2Fcomments&post=53046"}],"version-history":[{"count":0,"href":"https:\/\/portaltactica.com\/index.php?rest_route=\/wp\/v2\/posts\/53046\/revisions"}],"wp:featuredmedia":[{"embeddable":true,"href":"https:\/\/portaltactica.com\/index.php?rest_route=\/wp\/v2\/media\/53044"}],"wp:attachment":[{"href":"https:\/\/portaltactica.com\/index.php?rest_route=%2Fwp%2Fv2%2Fmedia&parent=53046"}],"wp:term":[{"taxonomy":"category","embeddable":true,"href":"https:\/\/portaltactica.com\/index.php?rest_route=%2Fwp%2Fv2%2Fcategories&post=53046"},{"taxonomy":"post_tag","embeddable":true,"href":"https:\/\/portaltactica.com\/index.php?rest_route=%2Fwp%2Fv2%2Ftags&post=53046"}],"curies":[{"name":"wp","href":"https:\/\/api.w.org\/{rel}","templated":true}]}}