{"id":53036,"date":"2021-12-18T11:58:44","date_gmt":"2021-12-18T18:58:44","guid":{"rendered":"https:\/\/portaltactica.com\/?p=53036"},"modified":"2021-12-18T11:58:48","modified_gmt":"2021-12-18T18:58:48","slug":"andres-guardado-da-positivo-a-covid-19","status":"publish","type":"post","link":"https:\/\/portaltactica.com\/?p=53036","title":{"rendered":"Andr\u00e9s Guardado da positivo a COVID-19"},"content":{"rendered":"\n<p>El futbolista mexicano,&nbsp;<strong>Andr\u00e9s Guardado, nuevamente se contagi\u00f3 de COVID-19 y por consecuencia se perder\u00e1 el juego del fin de semana del Real Betis ante el Athletic de Bilbao.<\/strong><\/p>\n\n\n\n<p>Tras el caso positivo del \u201cPrincipito\u201d todo el plantel ser\u00e1 sometido a pruebas para conocer si alg\u00fan elemento m\u00e1s se contagi\u00f3.<\/p>\n\n\n\n<p>De momento, Betis y Guardado no han expresado m\u00e1s detalles, todo se revel\u00f3 por los reportes de la prensa espa\u00f1ola, el Partidazo de COPE.<\/p>\n\n\n\n<p>Esta es la segunda ocasi\u00f3n que Andr\u00e9s contrae coronavirus, la primera vez fue el 24 de febrero de 2021.<\/p>\n\n\n\n<p>Andr\u00e9s Guardado no tuvo participaci\u00f3n en la reciente victoria del Real Betis en la Copa del Rey, donde ganaron 4-2 al Talavera e incluso Diego Lainez consigui\u00f3 una anotaci\u00f3n.<\/p>\n\n\n\n<p><\/p>\n\n\n\n<p style=\"font-size:8px\"><em>Fuente: Informador.<\/em><\/p>\n<div class='share-to-whatsapp-wrapper'><div class='share-on-whsp'>Share on: <\/div><a data-text='Andr\u00e9s Guardado da positivo a COVID-19' data-link='https:\/\/portaltactica.com\/?p=53036' class='whatsapp-button whatsapp-share'>WhatsApp<\/a><div class='clear '><\/div><\/div>","protected":false},"excerpt":{"rendered":"<p>El futbolista mexicano,&nbsp;Andr\u00e9s Guardado, nuevamente se contagi\u00f3 de COVID-19 y por consecuencia se perder\u00e1 el juego del fin de semana del&hellip;<\/p>\n","protected":false},"author":2,"featured_media":53037,"comment_status":"open","ping_status":"open","sticky":false,"template":"","format":"standard","meta":{"advanced_seo_description":"","jetpack_seo_html_title":"","jetpack_seo_noindex":false,"_jetpack_memberships_contains_paid_content":false,"footnotes":"","jetpack_publicize_message":"","jetpack_publicize_feature_enabled":true,"jetpack_social_post_already_shared":true,"jetpack_social_options":{"image_generator_settings":{"template":"highway","default_image_id":0,"font":"","enabled":false},"version":2}},"categories":[1898],"tags":[2436],"class_list":["post-53036","post","type-post","status-publish","format-standard","has-post-thumbnail","hentry","category-destacado-internacional","tag-andres-guardado"],"jetpack_publicize_connections":[],"jetpack_featured_media_url":"https:\/\/portaltactica.com\/wp-content\/uploads\/2021\/12\/1-8.jpg","jetpack_sharing_enabled":true,"_links":{"self":[{"href":"https:\/\/portaltactica.com\/index.php?rest_route=\/wp\/v2\/posts\/53036","targetHints":{"allow":["GET"]}}],"collection":[{"href":"https:\/\/portaltactica.com\/index.php?rest_route=\/wp\/v2\/posts"}],"about":[{"href":"https:\/\/portaltactica.com\/index.php?rest_route=\/wp\/v2\/types\/post"}],"author":[{"embeddable":true,"href":"https:\/\/portaltactica.com\/index.php?rest_route=\/wp\/v2\/users\/2"}],"replies":[{"embeddable":true,"href":"https:\/\/portaltactica.com\/index.php?rest_route=%2Fwp%2Fv2%2Fcomments&post=53036"}],"version-history":[{"count":1,"href":"https:\/\/portaltactica.com\/index.php?rest_route=\/wp\/v2\/posts\/53036\/revisions"}],"predecessor-version":[{"id":53038,"href":"https:\/\/portaltactica.com\/index.php?rest_route=\/wp\/v2\/posts\/53036\/revisions\/53038"}],"wp:featuredmedia":[{"embeddable":true,"href":"https:\/\/portaltactica.com\/index.php?rest_route=\/wp\/v2\/media\/53037"}],"wp:attachment":[{"href":"https:\/\/portaltactica.com\/index.php?rest_route=%2Fwp%2Fv2%2Fmedia&parent=53036"}],"wp:term":[{"taxonomy":"category","embeddable":true,"href":"https:\/\/portaltactica.com\/index.php?rest_route=%2Fwp%2Fv2%2Fcategories&post=53036"},{"taxonomy":"post_tag","embeddable":true,"href":"https:\/\/portaltactica.com\/index.php?rest_route=%2Fwp%2Fv2%2Ftags&post=53036"}],"curies":[{"name":"wp","href":"https:\/\/api.w.org\/{rel}","templated":true}]}}