{"id":52763,"date":"2021-12-04T09:47:55","date_gmt":"2021-12-04T16:47:55","guid":{"rendered":"https:\/\/portaltactica.com\/?p=52763"},"modified":"2021-12-04T09:47:58","modified_gmt":"2021-12-04T16:47:58","slug":"la-uas-es-un-ejemplo-nacional-en-la-inclusion-de-jovenes-con-discapacidad","status":"publish","type":"post","link":"https:\/\/portaltactica.com\/?p=52763","title":{"rendered":"La UAS es un ejemplo nacional en la inclusi\u00f3n de j\u00f3venes con discapacidad"},"content":{"rendered":"\n<p>En atenci\u00f3n a su pol\u00edtica de inclusi\u00f3n y equidad, la Universidad Aut\u00f3noma de Sinaloa (UAS) celebr\u00f3 el \u201cD\u00eda Internacional de las Personas con Discapacidad\u201d mostrando por qu\u00e9 es ejemplo nacional en este tema al incorporar desde hace a\u00f1os en su matr\u00edcula a j\u00f3venes con discapacidad de manera efectiva y digna.<\/p>\n\n\n\n<p>A trav\u00e9s de la Unidad de Bienestar Universitario (UBU) y de la Secretar\u00eda Acad\u00e9mica Universitaria, se llev\u00f3 a cabo una jornada de actividades que inici\u00f3 con una exposici\u00f3n de los Programas de Atenci\u00f3n a la Diversidad, as\u00ed como de los logros y desarrollo de potencialidades en lo acad\u00e9mico, deportivo, cultural y art\u00edstico, bailables e intervenciones musicales por parte de los j\u00f3venes estudiantes de nivel medio superior y superior de las cuatro unidades regionales.<\/p>\n\n\n\n<p>El Rector de la UAS, doctor Jes\u00fas Madue\u00f1a Molina expres\u00f3 en su mensaje inaugural que desde hace a\u00f1os las universidades mexicanas han incorporado a sus aulas a los j\u00f3venes con alguna discapacidad y en la UAS a trav\u00e9s del Programa de Atenci\u00f3n a la Diversidad (ADIUAS) el apoyo a este sector es permanente.<\/p>\n\n\n\n<p>\u201cEn el actual ciclo escolar, se atiende a mil 317 estudiantes de preparatoria, licenciatura y posgrado, lo que indica que, en los \u00faltimos 9 a\u00f1os, se ha apoyado a m\u00e1s de 10 mil j\u00f3venes con alguna Necesidad Espec\u00edfica de Apoyo Educativo, en todo el estado\u201d, dijo.<\/p>\n\n\n\n<p>Enfatiz\u00f3 que como reflejo de un claro compromiso institucional se cuenta con 3 Centros de Atenci\u00f3n a la Diversidad, con 24 aulas de apoyo y un s\u00f3lido equipo de personas certificadas en interpretaci\u00f3n educativa, en tecnolog\u00eda adaptada y accesibilidad; tutores de apoyo especializados para la Inclusi\u00f3n, Monitores y Asesores pares, lo que permite una educaci\u00f3n inclusiva, multicultural y de calidad.<\/p>\n\n\n\n<p>Madue\u00f1a Molina asegur\u00f3 que los j\u00f3venes son atendidos en ambientes de respeto, poniendo su dignidad en primer plano, y procurando siempre su bienestar f\u00edsico y emocional, los felicit\u00f3 porque son verdaderos ejemplos de vida que dan lecciones de esfuerzo y superaci\u00f3n dignas de todo reconocimiento y reiter\u00f3 su compromiso de seguir apoyando con recurso humano y material el programa ADIUAS.<\/p>\n\n\n\n<p>Por su parte la directora de la Unidad de Bienestar Universitario (UBU), maestra&nbsp;Sof\u00eda Angulo de Madue\u00f1a, extern\u00f3 que es prioridad de esta Casa de Estudios desarrollar el talento y las potencialidades de cada uno de estos j\u00f3venes, el bienestar de ellos y de sus familias y este evento permite empoderarlos, motivarlos, propiciar la convivencia, autonom\u00eda e identidad universitaria.<\/p>\n\n\n\n<p>\u201cLograr la inclusi\u00f3n no es tarea de unos cuantos, es tarea de todos, por ello los invito a que nos unamos (\u2026) para hacer posible una educaci\u00f3n inclusiva, multicultural, equitativa y de calidad; el programa ADIUAS tiene como objetivo principal eliminar esas barreras para el aprendizaje y la participaci\u00f3n plena\u201d, dijo.<\/p>\n\n\n\n<p>Tambi\u00e9n tom\u00f3 la palabra el Secretario Acad\u00e9mico, doctor Jorge Mil\u00e1n Carrillo, mientras que la se\u00f1ora Yolanda Vargas N\u00fa\u00f1ez en representaci\u00f3n de los padres y madres de familia de estudiantes con discapacidad, agradeci\u00f3 el apoyo que reciben los j\u00f3venes en la UAS y que les permite un desarrollo arm\u00f3nico y con valores.<\/p>\n\n\n\n<p>Este d\u00eda tambi\u00e9n se puso en marcha una nueva gu\u00eda podo t\u00e1ctil en el Campus Rafael Buelna, que se suma a una serie de espacios adecuados con rampas y elevadores en diferentes edificios universitarios.<\/p>\n<div class='share-to-whatsapp-wrapper'><div class='share-on-whsp'>Share on: <\/div><a data-text='La UAS es un ejemplo nacional en la inclusi\u00f3n de j\u00f3venes con discapacidad' data-link='https:\/\/portaltactica.com\/?p=52763' class='whatsapp-button whatsapp-share'>WhatsApp<\/a><div class='clear '><\/div><\/div>","protected":false},"excerpt":{"rendered":"<p>En atenci\u00f3n a su pol\u00edtica de inclusi\u00f3n y equidad, la Universidad Aut\u00f3noma de Sinaloa (UAS) celebr\u00f3 el \u201cD\u00eda Internacional de las&hellip;<\/p>\n","protected":false},"author":1,"featured_media":52764,"comment_status":"open","ping_status":"open","sticky":false,"template":"","format":"standard","meta":{"advanced_seo_description":"","jetpack_seo_html_title":"","jetpack_seo_noindex":false,"_jetpack_memberships_contains_paid_content":false,"footnotes":"","jetpack_publicize_message":"","jetpack_publicize_feature_enabled":true,"jetpack_social_post_already_shared":true,"jetpack_social_options":{"image_generator_settings":{"template":"highway","default_image_id":0,"font":"","enabled":false},"version":2}},"categories":[947],"tags":[558],"class_list":["post-52763","post","type-post","status-publish","format-standard","has-post-thumbnail","hentry","category-universidad","tag-uas"],"jetpack_publicize_connections":[],"jetpack_featured_media_url":"https:\/\/portaltactica.com\/wp-content\/uploads\/2021\/12\/grande_276119001638574968.jpg","jetpack_sharing_enabled":true,"_links":{"self":[{"href":"https:\/\/portaltactica.com\/index.php?rest_route=\/wp\/v2\/posts\/52763","targetHints":{"allow":["GET"]}}],"collection":[{"href":"https:\/\/portaltactica.com\/index.php?rest_route=\/wp\/v2\/posts"}],"about":[{"href":"https:\/\/portaltactica.com\/index.php?rest_route=\/wp\/v2\/types\/post"}],"author":[{"embeddable":true,"href":"https:\/\/portaltactica.com\/index.php?rest_route=\/wp\/v2\/users\/1"}],"replies":[{"embeddable":true,"href":"https:\/\/portaltactica.com\/index.php?rest_route=%2Fwp%2Fv2%2Fcomments&post=52763"}],"version-history":[{"count":1,"href":"https:\/\/portaltactica.com\/index.php?rest_route=\/wp\/v2\/posts\/52763\/revisions"}],"predecessor-version":[{"id":52765,"href":"https:\/\/portaltactica.com\/index.php?rest_route=\/wp\/v2\/posts\/52763\/revisions\/52765"}],"wp:featuredmedia":[{"embeddable":true,"href":"https:\/\/portaltactica.com\/index.php?rest_route=\/wp\/v2\/media\/52764"}],"wp:attachment":[{"href":"https:\/\/portaltactica.com\/index.php?rest_route=%2Fwp%2Fv2%2Fmedia&parent=52763"}],"wp:term":[{"taxonomy":"category","embeddable":true,"href":"https:\/\/portaltactica.com\/index.php?rest_route=%2Fwp%2Fv2%2Fcategories&post=52763"},{"taxonomy":"post_tag","embeddable":true,"href":"https:\/\/portaltactica.com\/index.php?rest_route=%2Fwp%2Fv2%2Ftags&post=52763"}],"curies":[{"name":"wp","href":"https:\/\/api.w.org\/{rel}","templated":true}]}}