{"id":52694,"date":"2021-12-02T13:08:18","date_gmt":"2021-12-02T20:08:18","guid":{"rendered":"https:\/\/portaltactica.com\/?p=52694"},"modified":"2021-12-02T13:08:26","modified_gmt":"2021-12-02T20:08:26","slug":"lewis-hamilton-no-es-mi-eleccion-correr-en-el-gran-premio-de-arabia-saudi","status":"publish","type":"post","link":"https:\/\/portaltactica.com\/?p=52694","title":{"rendered":"Lewis Hamilton: &#8220;No es mi elecci\u00f3n&#8221; correr en el Gran Premio de Arabia Saud\u00ed"},"content":{"rendered":"\n<p>Lewis Hamilton dice que no se siente c\u00f3modo corriendo en Arabia Saud\u00ed este fin de semana como consecuencia del historial de derechos humanos del pa\u00eds.<\/p>\n\n\n\n<p>Arabia Saud\u00ed acoge su carrera inaugural en un nuevo circuito urbano en la ciudad costera de Jeddah, el primero de un contrato a largo plazo.<\/p>\n\n\n\n<p>Hamilton dijo: &#8220;\u00bfMe siento c\u00f3modo aqu\u00ed? No dir\u00eda que s\u00ed. Pero no es mi elecci\u00f3n estar aqu\u00ed. El deporte ha tomado la decisi\u00f3n de estar aqu\u00ed.<\/p>\n\n\n\n<p>&#8220;Y tanto si est\u00e1 bien como si est\u00e1 mal, mientras estemos aqu\u00ed, es importante que intentemos concienciar a la gente.<\/p>\n\n\n\n<p>La decisi\u00f3n de la F1 de correr en Arabia Saud\u00ed ha sido criticada por grupos de derechos humanos.<\/p>\n\n\n\n<p>Amnist\u00eda Internacional ha declarado que el historial de Arabia Saud\u00ed es &#8220;extremadamente preocupante&#8221; y que la carrera se est\u00e1 utilizando para &#8220;lavar la reputaci\u00f3n del pa\u00eds&#8221;.<\/p>\n\n\n\n<p>El director ejecutivo de Amnist\u00eda en el Reino Unido, Sacha Deshmukh, dijo que era &#8220;alentador&#8221; ver a Hamilton hablar sobre los derechos humanos.<\/p>\n\n\n\n<p>A\u00f1adi\u00f3 que en los \u00faltimos tres a\u00f1os se ha producido una &#8220;represi\u00f3n de los derechos humanos sin precedentes&#8221; en el pa\u00eds.<\/p>\n\n\n\n<p>&#8220;No se trata s\u00f3lo de Lewis Hamilton&#8221;, dijo Deshmukh. &#8220;Hacemos un llamamiento a todos dentro de la F\u00f3rmula 1 -los pilotos, sus equipos, los altos ejecutivos- para que est\u00e9n preparados para hablar sobre los derechos humanos en Arabia Saud\u00ed, ayudando a deshacer algunos de los efectos de lavado deportivo de este evento&#8221;.<\/p>\n\n\n\n<p>Hamilton dijo que volver\u00eda a llevar el casco que us\u00f3 en la \u00faltima carrera en Qatar, que est\u00e1 pintado con la bandera del arco iris en apoyo de los derechos LGBTQ+.<\/p>\n\n\n\n<p>Describi\u00f3 la situaci\u00f3n de las personas LGBTQ+ en Arabia Saud\u00ed, donde la homosexualidad est\u00e1 prohibida y se castiga con azotes y c\u00e1rcel, como &#8220;bastante aterradora&#8221;.<\/p>\n\n\n\n<p>Y al referirse a la decisi\u00f3n en 2018 de poner fin a la prohibici\u00f3n de que las mujeres puedan conducir, dijo: &#8220;Hay cambios que hay que hacer. Por ejemplo, los derechos de las mujeres de poder conducir desde 2018. Se trata de c\u00f3mo se controla. \u00bfEst\u00e1n realmente [permitidas], en efecto? \u00bfPor qu\u00e9 hay mujeres que siguen en prisi\u00f3n por conducir hace muchos a\u00f1os? Hay muchos cambios que deben producirse y creo que nuestro deporte debe hacer m\u00e1s&#8221;.<\/p>\n\n\n\n<p>El tetracampe\u00f3n Sebastian Vettel, que tambi\u00e9n ha expresado su preocupaci\u00f3n por las cuestiones de derechos humanos esta temporada, organiz\u00f3 un evento de karting para mujeres el jueves en Jeddah.<\/p>\n\n\n\n<p>El piloto de Aston Martin dijo: &#8220;Estaba pensando en lo que puedo hacer. En general, nos centramos tanto en los ejemplos negativos cuando se trata de las deficiencias de ciertos pa\u00edses en materia de derechos humanos y otras cosas&#8221;.<\/p>\n\n\n\n<p>Vettel dijo que &#8220;estaba tratando de transmitir algunas de mis experiencias en la vida y en la pista para hacer algo juntos para hacer crecer su confianza&#8221; y dijo que hab\u00eda sido &#8220;inspirado&#8221; por las mujeres que asistieron al evento.<\/p>\n\n\n\n<p>Y a\u00f1adi\u00f3: &#8220;Es cierto que, obviamente, si miramos a trav\u00e9s de una lente europea occidental, hay muchas cosas que deber\u00edan mejorarse y que hay que abordar. Pero tambi\u00e9n es cierto que algunas cosas est\u00e1n cambiando y para esas personas supone una gran diferencia&#8221;.<\/p>\n\n\n\n<p>&#8220;Est\u00e1 claro que algunas cosas no van como deber\u00edan, pero ese es nuestro punto de vista. Tambi\u00e9n es cierto que las cosas llevan su tiempo y es un progreso&#8221;.<\/p>\n\n\n\n<p><\/p>\n\n\n\n<p style=\"font-size:8px\"><em>Fuente: BBC.<\/em><\/p>\n<div class='share-to-whatsapp-wrapper'><div class='share-on-whsp'>Share on: <\/div><a data-text='Lewis Hamilton: \"No es mi elecci\u00f3n\" correr en el Gran Premio de Arabia Saud\u00ed' data-link='https:\/\/portaltactica.com\/?p=52694' class='whatsapp-button whatsapp-share'>WhatsApp<\/a><div class='clear '><\/div><\/div>","protected":false},"excerpt":{"rendered":"<p>Lewis Hamilton dice que no se siente c\u00f3modo corriendo en Arabia Saud\u00ed este fin de semana como consecuencia del historial de&hellip;<\/p>\n","protected":false},"author":2,"featured_media":52695,"comment_status":"open","ping_status":"open","sticky":false,"template":"","format":"standard","meta":{"advanced_seo_description":"","jetpack_seo_html_title":"","jetpack_seo_noindex":false,"_jetpack_memberships_contains_paid_content":false,"footnotes":"","jetpack_publicize_message":"","jetpack_publicize_feature_enabled":true,"jetpack_social_post_already_shared":true,"jetpack_social_options":{"image_generator_settings":{"template":"highway","default_image_id":0,"font":"","enabled":false},"version":2}},"categories":[1896],"tags":[4808,1541],"class_list":["post-52694","post","type-post","status-publish","format-standard","has-post-thumbnail","hentry","category-destacado-portada","tag-gran-premio-de-arabia-saudita","tag-lewis-hamilton"],"jetpack_publicize_connections":[],"jetpack_featured_media_url":"https:\/\/portaltactica.com\/wp-content\/uploads\/2021\/12\/1.jpg","jetpack_sharing_enabled":true,"_links":{"self":[{"href":"https:\/\/portaltactica.com\/index.php?rest_route=\/wp\/v2\/posts\/52694","targetHints":{"allow":["GET"]}}],"collection":[{"href":"https:\/\/portaltactica.com\/index.php?rest_route=\/wp\/v2\/posts"}],"about":[{"href":"https:\/\/portaltactica.com\/index.php?rest_route=\/wp\/v2\/types\/post"}],"author":[{"embeddable":true,"href":"https:\/\/portaltactica.com\/index.php?rest_route=\/wp\/v2\/users\/2"}],"replies":[{"embeddable":true,"href":"https:\/\/portaltactica.com\/index.php?rest_route=%2Fwp%2Fv2%2Fcomments&post=52694"}],"version-history":[{"count":1,"href":"https:\/\/portaltactica.com\/index.php?rest_route=\/wp\/v2\/posts\/52694\/revisions"}],"predecessor-version":[{"id":52696,"href":"https:\/\/portaltactica.com\/index.php?rest_route=\/wp\/v2\/posts\/52694\/revisions\/52696"}],"wp:featuredmedia":[{"embeddable":true,"href":"https:\/\/portaltactica.com\/index.php?rest_route=\/wp\/v2\/media\/52695"}],"wp:attachment":[{"href":"https:\/\/portaltactica.com\/index.php?rest_route=%2Fwp%2Fv2%2Fmedia&parent=52694"}],"wp:term":[{"taxonomy":"category","embeddable":true,"href":"https:\/\/portaltactica.com\/index.php?rest_route=%2Fwp%2Fv2%2Fcategories&post=52694"},{"taxonomy":"post_tag","embeddable":true,"href":"https:\/\/portaltactica.com\/index.php?rest_route=%2Fwp%2Fv2%2Ftags&post=52694"}],"curies":[{"name":"wp","href":"https:\/\/api.w.org\/{rel}","templated":true}]}}