{"id":52559,"date":"2021-11-24T18:42:17","date_gmt":"2021-11-25T01:42:17","guid":{"rendered":"https:\/\/portaltactica.com\/?p=52559"},"modified":"2021-11-24T18:42:19","modified_gmt":"2021-11-25T01:42:19","slug":"realizaran-diagnostico-de-las-necesidades-de-capacitacion-de-los-trabajadores","status":"publish","type":"post","link":"https:\/\/portaltactica.com\/?p=52559","title":{"rendered":"Realizar\u00e1n diagn\u00f3stico de las necesidades de capacitaci\u00f3n de los trabajadores"},"content":{"rendered":"\n<p>Con la finalidad de realizar un diagn\u00f3stico de las necesidades de capacitaci\u00f3n de los trabajadores, y que los delegados departamentales y coordinadores administrativos conozcan este proceso, la Comisi\u00f3n Mixta General de Capacitaci\u00f3n y Adiestramiento llev\u00f3 a cabo reuni\u00f3n informativa.<br>Javier Herrera S\u00e1nchez, coordinador general de la Comisi\u00f3n dio a conocer que el proceso de aplicaci\u00f3n de encuestas iniciar\u00e1 este jueves con la base trabajadora del Suntuas Administrativos y de Intendencia y de ah\u00ed surgir\u00e1n los resultados para conformar el programa de capacitaci\u00f3n anual 2022.<br>Mencion\u00f3 que este proceso se realizar\u00e1 en l\u00ednea a trav\u00e9s del portal http:\/\/siia.uasnet.mx\/empleado\/, para lo cual la p\u00e1gina estar\u00e1 abierta a partir de este 25 de noviembre y cerrar\u00e1 el pr\u00f3ximo 17 de diciembre.<br>Herrera S\u00e1nchez agreg\u00f3 que dentro de los cursos que m\u00e1s se solicitan est\u00e1n los de computaci\u00f3n, as\u00ed como los requeridos por el personal de intendencia, jardiner\u00eda, electricistas, plomer\u00eda, entre otros, los cuales les permite someterse a una evaluaci\u00f3n para conseguir un ascenso.<br>Asimismo, reiter\u00f3 la invitaci\u00f3n a toda la base trabajadora del Sindicato Administrativos y a cada coordinador de las unidades acad\u00e9micas para que socialicen esta informaci\u00f3n para que este proceso de diagn\u00f3stico sea lo m\u00e1s provechoso posible.<br>Por su parte, Maricela Guadalupe P\u00e9rez Carrillo, secretaria general del Suntuas secci\u00f3n Administrativos y de Intendencia mencion\u00f3 que el motivo de la reuni\u00f3n es el de apoyar y difundir esta informaci\u00f3n con toda la base, para dar respuesta al cuestionario que se pondr\u00e1 en la p\u00e1gina institucional y en funci\u00f3n de ello preparar los cursos de capacitaci\u00f3n correspondientes.<br>Cabe destacar que en evento se cont\u00f3 con la presencia del vicerrector de la Unidad Regional Centro, Jos\u00e9 de Jes\u00fas Zazueta Morales, en representaci\u00f3n del rector, doctor Jes\u00fas Madue\u00f1a Molina; Avelino Sarabia R\u00edos, director de la Facultad de Derecho y por parte de las comisiones estuvieron presentes Jos\u00e9 Valent\u00edn F\u00e9lix Rodr\u00edguez, Joaqu\u00edn Loaiza Flores, Apolonio Hern\u00e1ndez Mej\u00eda y Ana Isabel Garc\u00eda Colin.&nbsp;<\/p>\n<div class='share-to-whatsapp-wrapper'><div class='share-on-whsp'>Share on: <\/div><a data-text='Realizar\u00e1n diagn\u00f3stico de las necesidades de capacitaci\u00f3n de los trabajadores' data-link='https:\/\/portaltactica.com\/?p=52559' class='whatsapp-button whatsapp-share'>WhatsApp<\/a><div class='clear '><\/div><\/div>","protected":false},"excerpt":{"rendered":"<p>Con la finalidad de realizar un diagn\u00f3stico de las necesidades de capacitaci\u00f3n de los trabajadores, y que los delegados departamentales y&hellip;<\/p>\n","protected":false},"author":1,"featured_media":52560,"comment_status":"open","ping_status":"open","sticky":false,"template":"","format":"standard","meta":{"advanced_seo_description":"","jetpack_seo_html_title":"","jetpack_seo_noindex":false,"_jetpack_memberships_contains_paid_content":false,"footnotes":"","jetpack_publicize_message":"","jetpack_publicize_feature_enabled":true,"jetpack_social_post_already_shared":true,"jetpack_social_options":{"image_generator_settings":{"template":"highway","default_image_id":0,"font":"","enabled":false},"version":2}},"categories":[947],"tags":[558],"class_list":["post-52559","post","type-post","status-publish","format-standard","has-post-thumbnail","hentry","category-universidad","tag-uas"],"jetpack_publicize_connections":[],"jetpack_featured_media_url":"https:\/\/portaltactica.com\/wp-content\/uploads\/2021\/11\/grande_727345001637798392.jpg","jetpack_sharing_enabled":true,"_links":{"self":[{"href":"https:\/\/portaltactica.com\/index.php?rest_route=\/wp\/v2\/posts\/52559","targetHints":{"allow":["GET"]}}],"collection":[{"href":"https:\/\/portaltactica.com\/index.php?rest_route=\/wp\/v2\/posts"}],"about":[{"href":"https:\/\/portaltactica.com\/index.php?rest_route=\/wp\/v2\/types\/post"}],"author":[{"embeddable":true,"href":"https:\/\/portaltactica.com\/index.php?rest_route=\/wp\/v2\/users\/1"}],"replies":[{"embeddable":true,"href":"https:\/\/portaltactica.com\/index.php?rest_route=%2Fwp%2Fv2%2Fcomments&post=52559"}],"version-history":[{"count":1,"href":"https:\/\/portaltactica.com\/index.php?rest_route=\/wp\/v2\/posts\/52559\/revisions"}],"predecessor-version":[{"id":52561,"href":"https:\/\/portaltactica.com\/index.php?rest_route=\/wp\/v2\/posts\/52559\/revisions\/52561"}],"wp:featuredmedia":[{"embeddable":true,"href":"https:\/\/portaltactica.com\/index.php?rest_route=\/wp\/v2\/media\/52560"}],"wp:attachment":[{"href":"https:\/\/portaltactica.com\/index.php?rest_route=%2Fwp%2Fv2%2Fmedia&parent=52559"}],"wp:term":[{"taxonomy":"category","embeddable":true,"href":"https:\/\/portaltactica.com\/index.php?rest_route=%2Fwp%2Fv2%2Fcategories&post=52559"},{"taxonomy":"post_tag","embeddable":true,"href":"https:\/\/portaltactica.com\/index.php?rest_route=%2Fwp%2Fv2%2Ftags&post=52559"}],"curies":[{"name":"wp","href":"https:\/\/api.w.org\/{rel}","templated":true}]}}