{"id":52556,"date":"2021-11-24T18:38:29","date_gmt":"2021-11-25T01:38:29","guid":{"rendered":"https:\/\/portaltactica.com\/?p=52556"},"modified":"2021-11-24T18:38:32","modified_gmt":"2021-11-25T01:38:32","slug":"con-actividades-academicas-y-culturales-festeja-la-fca-el-76-aniversario","status":"publish","type":"post","link":"https:\/\/portaltactica.com\/?p=52556","title":{"rendered":"Con actividades acad\u00e9micas y culturales festeja la FCA el 76 aniversario"},"content":{"rendered":"\n<p>Con motivo de los festejos de 76 aniversario de la Facultad de Contadur\u00eda y Administraci\u00f3n (FCA) de la Universidad Aut\u00f3noma de Sinaloa (UAS) se llevan a cabo actividades culturales y acad\u00e9micas para la comunidad del plantel y p\u00fablico en general, dio a conocer el director de la unidad acad\u00e9mica.<br>El maestro en ciencias V\u00edctor Manuel Mizquiz Reyes indic\u00f3 que el pr\u00f3ximo d\u00eda 30 de noviembre conmemora un aniversario m\u00e1s y realizan actividades que dieron inicio este 21 de noviembre con conferencias para los estudiantes de los programas educativos que oferta la FCA.<br>\u201cPara la Universidad y la FCA es un acontecimiento trascendental porque hablamos de unas de las facultades m\u00e1s antiguas, (\u2026) 76 a\u00f1os de logros, de triunfos, de \u00e9xitos de la contadur\u00eda y la administraci\u00f3n y en una palabra de los negocios\u201d, expuso.<br>Destac\u00f3 cursos, taller y conferencias, en particular aquellos en los que estudiantes platican sus experiencias sobre sus estancias acad\u00e9micas, como es el curso de idiomas que se lleva a cabo en esta semana; adem\u00e1s del curso de reformas fiscales que ser\u00e1 impartido desde Guadalajara por el fiscalista Camilo Velarde.<br>Manifest\u00f3 que esta semana de actividades han sido muy bien aceptados por los estudiantes escolarizados y del Sistema de Universidad Abierta y a Distancia (SUAD) adem\u00e1s de las extensiones con las que cuenta la FCA, como Sinaloa de Leyva y Badiraguato por se\u00f1alar.<br>V\u00edctor Manuel Mizquiz Reyes asegur\u00f3 que el pr\u00f3ximo martes 30 de noviembre ser\u00e1 el acto protocolario del 76 aniversario de la FCA en el cual se entregar\u00e1n reconocimientos a contadores p\u00fablicos egresados, as\u00ed como el premio \u00c1guila FCA2021.<br>El director agradeci\u00f3 las atenciones y el apoyo a la administraci\u00f3n central y al rector, doctor Jes\u00fas Madue\u00f1a Molina he hizo extensa la invitaci\u00f3n para acompa\u00f1arlos en el acto protocolario este 30 de noviembre.<\/p>\n<div class='share-to-whatsapp-wrapper'><div class='share-on-whsp'>Share on: <\/div><a data-text='Con actividades acad\u00e9micas y culturales festeja la FCA el 76 aniversario' data-link='https:\/\/portaltactica.com\/?p=52556' class='whatsapp-button whatsapp-share'>WhatsApp<\/a><div class='clear '><\/div><\/div>","protected":false},"excerpt":{"rendered":"<p>Con motivo de los festejos de 76 aniversario de la Facultad de Contadur\u00eda y Administraci\u00f3n (FCA) de la Universidad Aut\u00f3noma de&hellip;<\/p>\n","protected":false},"author":1,"featured_media":52557,"comment_status":"open","ping_status":"open","sticky":false,"template":"","format":"standard","meta":{"advanced_seo_description":"","jetpack_seo_html_title":"","jetpack_seo_noindex":false,"_jetpack_memberships_contains_paid_content":false,"footnotes":"","jetpack_publicize_message":"","jetpack_publicize_feature_enabled":true,"jetpack_social_post_already_shared":true,"jetpack_social_options":{"image_generator_settings":{"template":"highway","default_image_id":0,"font":"","enabled":false},"version":2}},"categories":[947],"tags":[558],"class_list":["post-52556","post","type-post","status-publish","format-standard","has-post-thumbnail","hentry","category-universidad","tag-uas"],"jetpack_publicize_connections":[],"jetpack_featured_media_url":"https:\/\/portaltactica.com\/wp-content\/uploads\/2021\/11\/grande_326700001637797819.jpg","jetpack_sharing_enabled":true,"_links":{"self":[{"href":"https:\/\/portaltactica.com\/index.php?rest_route=\/wp\/v2\/posts\/52556","targetHints":{"allow":["GET"]}}],"collection":[{"href":"https:\/\/portaltactica.com\/index.php?rest_route=\/wp\/v2\/posts"}],"about":[{"href":"https:\/\/portaltactica.com\/index.php?rest_route=\/wp\/v2\/types\/post"}],"author":[{"embeddable":true,"href":"https:\/\/portaltactica.com\/index.php?rest_route=\/wp\/v2\/users\/1"}],"replies":[{"embeddable":true,"href":"https:\/\/portaltactica.com\/index.php?rest_route=%2Fwp%2Fv2%2Fcomments&post=52556"}],"version-history":[{"count":1,"href":"https:\/\/portaltactica.com\/index.php?rest_route=\/wp\/v2\/posts\/52556\/revisions"}],"predecessor-version":[{"id":52558,"href":"https:\/\/portaltactica.com\/index.php?rest_route=\/wp\/v2\/posts\/52556\/revisions\/52558"}],"wp:featuredmedia":[{"embeddable":true,"href":"https:\/\/portaltactica.com\/index.php?rest_route=\/wp\/v2\/media\/52557"}],"wp:attachment":[{"href":"https:\/\/portaltactica.com\/index.php?rest_route=%2Fwp%2Fv2%2Fmedia&parent=52556"}],"wp:term":[{"taxonomy":"category","embeddable":true,"href":"https:\/\/portaltactica.com\/index.php?rest_route=%2Fwp%2Fv2%2Fcategories&post=52556"},{"taxonomy":"post_tag","embeddable":true,"href":"https:\/\/portaltactica.com\/index.php?rest_route=%2Fwp%2Fv2%2Ftags&post=52556"}],"curies":[{"name":"wp","href":"https:\/\/api.w.org\/{rel}","templated":true}]}}