{"id":52516,"date":"2021-11-23T15:48:30","date_gmt":"2021-11-23T22:48:30","guid":{"rendered":"https:\/\/portaltactica.com\/?p=52516"},"modified":"2021-11-23T15:48:33","modified_gmt":"2021-11-23T22:48:33","slug":"inauguran-temporada-2021-de-la-liga-de-futbol-de-medios","status":"publish","type":"post","link":"https:\/\/portaltactica.com\/?p=52516","title":{"rendered":"Inauguran temporada 2021 de la Liga de Futbol de Medios"},"content":{"rendered":"\n<p class=\"has-medium-font-size\"><strong>Francisco Hern\u00e1ndez, jugador de TVP, es reconocido por el Colegio de Periodistas Deportivos de Sinaloa por su trayectoria y aporte al balompi\u00e9 local<\/strong>.<\/p>\n\n\n\n<p>Mazatl\u00e1n._ Con un homenaje a la trayectoria y aporte al futbol de Francisco Hern\u00e1ndez Mac\u00edas y la entrega del trofeo de Campe\u00f3n de Copa, el Colegio de Periodistas Deportivos de Sinaloa inaugur\u00f3 oficialmente la temporada 2021 de Liga de Futbol de Medios, en el Centro Deportivo Real Pac\u00edfico.<\/p>\n\n\n\n<p>Mario Rivera Alvarado, presidente del Colegio de Periodistas Deportivos de Sinaloa, y Javier Sol\u00eds Morales, organizador de la liga, encabezaron la apertura oficial del torneo en el que Noroeste recibi\u00f3 el trofeo que se entrega al cierre de la primera vuelta.<\/p>\n\n\n\n<p>A la ceremonia protocolaria se unieron los equipos Imdem, Esquina Noticias, TVP, Reporteros en la R\u00faa, La Espa\u00f1ola-L\u00ednea Directa y Maz Deporte.<\/p>\n\n\n\n<p>Tras unas palabras de agradecimiento por la confianza al Colegio de Periodistas Deportivos de Sinaloa en formar parte de la liga, Rivera Alvarado entreg\u00f3 un reconocimiento a Hern\u00e1ndez Mac\u00edas, jugador de TVP, quien estuvo acompa\u00f1ado por familiares y amigos.<\/p>\n\n\n\n<p>La tradicional patada inicial corri\u00f3 a cargo del homenajeado, \u201cPaco\u201d Hern\u00e1ndez, mientras que como portero figur\u00f3 Mario Rivera, titular del Colegio de Periodistas.<\/p>\n\n\n\n<figure class=\"wp-block-image size-full\"><img fetchpriority=\"high\" decoding=\"async\" width=\"1599\" height=\"1066\" src=\"https:\/\/portaltactica.com\/wp-content\/uploads\/2021\/11\/WhatsApp-Image-2021-11-23-at-3.11.41-PM.jpeg\" alt=\"\" class=\"wp-image-52518\" srcset=\"https:\/\/portaltactica.com\/wp-content\/uploads\/2021\/11\/WhatsApp-Image-2021-11-23-at-3.11.41-PM.jpeg 1599w, https:\/\/portaltactica.com\/wp-content\/uploads\/2021\/11\/WhatsApp-Image-2021-11-23-at-3.11.41-PM-768x512.jpeg 768w, https:\/\/portaltactica.com\/wp-content\/uploads\/2021\/11\/WhatsApp-Image-2021-11-23-at-3.11.41-PM-1536x1024.jpeg 1536w, https:\/\/portaltactica.com\/wp-content\/uploads\/2021\/11\/WhatsApp-Image-2021-11-23-at-3.11.41-PM-1170x780.jpeg 1170w, https:\/\/portaltactica.com\/wp-content\/uploads\/2021\/11\/WhatsApp-Image-2021-11-23-at-3.11.41-PM-585x390.jpeg 585w, https:\/\/portaltactica.com\/wp-content\/uploads\/2021\/11\/WhatsApp-Image-2021-11-23-at-3.11.41-PM-263x175.jpeg 263w, https:\/\/portaltactica.com\/wp-content\/uploads\/2021\/11\/WhatsApp-Image-2021-11-23-at-3.11.41-PM-272x182.jpeg 272w\" sizes=\"(max-width: 1599px) 100vw, 1599px\" \/><\/figure>\n<div class='share-to-whatsapp-wrapper'><div class='share-on-whsp'>Share on: <\/div><a data-text='Inauguran temporada 2021 de la Liga de Futbol de Medios' data-link='https:\/\/portaltactica.com\/?p=52516' class='whatsapp-button whatsapp-share'>WhatsApp<\/a><div class='clear '><\/div><\/div>","protected":false},"excerpt":{"rendered":"<p>Francisco Hern\u00e1ndez, jugador de TVP, es reconocido por el Colegio de Periodistas Deportivos de Sinaloa por su trayectoria y aporte al&hellip;<\/p>\n","protected":false},"author":1,"featured_media":52517,"comment_status":"open","ping_status":"open","sticky":false,"template":"","format":"standard","meta":{"advanced_seo_description":"","jetpack_seo_html_title":"","jetpack_seo_noindex":false,"_jetpack_memberships_contains_paid_content":false,"footnotes":"","jetpack_publicize_message":"","jetpack_publicize_feature_enabled":true,"jetpack_social_post_already_shared":true,"jetpack_social_options":{"image_generator_settings":{"template":"highway","default_image_id":0,"font":"","enabled":false},"version":2}},"categories":[10],"tags":[4310],"class_list":["post-52516","post","type-post","status-publish","format-standard","has-post-thumbnail","hentry","category-mazatlan","tag-liga-de-medios"],"jetpack_publicize_connections":[],"jetpack_featured_media_url":"https:\/\/portaltactica.com\/wp-content\/uploads\/2021\/11\/WhatsApp-Image-2021-11-23-at-3.11.42-PM-1.jpeg","jetpack_sharing_enabled":true,"_links":{"self":[{"href":"https:\/\/portaltactica.com\/index.php?rest_route=\/wp\/v2\/posts\/52516","targetHints":{"allow":["GET"]}}],"collection":[{"href":"https:\/\/portaltactica.com\/index.php?rest_route=\/wp\/v2\/posts"}],"about":[{"href":"https:\/\/portaltactica.com\/index.php?rest_route=\/wp\/v2\/types\/post"}],"author":[{"embeddable":true,"href":"https:\/\/portaltactica.com\/index.php?rest_route=\/wp\/v2\/users\/1"}],"replies":[{"embeddable":true,"href":"https:\/\/portaltactica.com\/index.php?rest_route=%2Fwp%2Fv2%2Fcomments&post=52516"}],"version-history":[{"count":1,"href":"https:\/\/portaltactica.com\/index.php?rest_route=\/wp\/v2\/posts\/52516\/revisions"}],"predecessor-version":[{"id":52519,"href":"https:\/\/portaltactica.com\/index.php?rest_route=\/wp\/v2\/posts\/52516\/revisions\/52519"}],"wp:featuredmedia":[{"embeddable":true,"href":"https:\/\/portaltactica.com\/index.php?rest_route=\/wp\/v2\/media\/52517"}],"wp:attachment":[{"href":"https:\/\/portaltactica.com\/index.php?rest_route=%2Fwp%2Fv2%2Fmedia&parent=52516"}],"wp:term":[{"taxonomy":"category","embeddable":true,"href":"https:\/\/portaltactica.com\/index.php?rest_route=%2Fwp%2Fv2%2Fcategories&post=52516"},{"taxonomy":"post_tag","embeddable":true,"href":"https:\/\/portaltactica.com\/index.php?rest_route=%2Fwp%2Fv2%2Ftags&post=52516"}],"curies":[{"name":"wp","href":"https:\/\/api.w.org\/{rel}","templated":true}]}}