{"id":52284,"date":"2021-11-08T18:56:07","date_gmt":"2021-11-09T01:56:07","guid":{"rendered":"https:\/\/portaltactica.com\/?p=52284"},"modified":"2021-11-08T18:56:10","modified_gmt":"2021-11-09T01:56:10","slug":"semana-del-urbanismo-en-marcha-en-la-facultad-de-arquitectura","status":"publish","type":"post","link":"https:\/\/portaltactica.com\/?p=52284","title":{"rendered":"Semana del Urbanismo en marcha en la Facultad de Arquitectura"},"content":{"rendered":"\n<p>Con la finalidad de promover y reconocer el papel de la planificaci\u00f3n en la creaci\u00f3n y manejo de comunidades habitacionales, la Facultad de Arquitectura de la Universidad Aut\u00f3noma de Sinaloa (UAS), en conjunto con el Instituto Municipal de Planeaci\u00f3n Urbana de Culiac\u00e1n (IMPLAN), celebraron el D\u00eda Internacional del Urbanismo.<\/p>\n\n\n\n<p>El evento desarrollado en las instalaciones de la facultad, fue encabezado por el Presidente Municipal de Culiac\u00e1n, licenciado Jes\u00fas Estrada Ferreiro, quien en su mensaje record\u00f3 algunas de las acciones de seguridad vial que se han implementado en diversos puntos cr\u00edticos de la ciudad y en ese sentido, se\u00f1al\u00f3 la importancia de una buena planeaci\u00f3n urbana por lo que llam\u00f3 a los futuros urbanistas y arquitectos a sumar esfuerzos para dise\u00f1ar y planear priorizando siempre al peat\u00f3n.<\/p>\n\n\n\n<p>De igual forma, habl\u00f3 sobre los trabajos que se pretenden llevar a cabo para el crecimiento ordenado de Culiac\u00e1n, entre estos mencion\u00f3 el Metrob\u00fas, proyecto que dijo, destaca por preponderar la seguridad de la ciudadan\u00eda, reducir la contaminaci\u00f3n y acrecentar la econom\u00eda de la capital. &nbsp;<\/p>\n\n\n\n<p>Asimismo, tom\u00f3 la palabra la doctora Armida Llamas Estrada, directora de la Facultad de Arquitectura, quien invit\u00f3 a acad\u00e9micos, estudiantes y autoridades municipales presentes a trabajar coordinadamente para dar soluciones y planear el futuro de las ciudades con base en los Objetivos de Desarrollo Sostenible de la Agenda 2030.<\/p>\n\n\n\n<p>\u201cEl desaf\u00edo no es f\u00e1cil, pero tampoco ineludible, la sociedad en general requerimos de soluciones y acciones, pensar y planear, debatir, conciliar para prospectar, implementar y analizar el desarrollo para evaluar la reestructuraci\u00f3n y ajustar engranes por un bien com\u00fan, con acciones a diferentes escalas puntuales, locales, regionales, municipales, estatales y en ese sentido, contin\u00faen en un crecimiento orientado a la sociedad\u201d, manifest\u00f3.<\/p>\n\n\n\n<p>En representaci\u00f3n del Rector, doctor Jes\u00fas Madue\u00f1a Molina, acudi\u00f3 el arquitecto Jorge P\u00e9rez Rubio, director de Construcci\u00f3n y Mantenimiento, quien reconoci\u00f3 la labor que realizan las autoridades municipales en materia de urbanismo, as\u00ed como desde la academia la Facultad de Arquitectura, pues se\u00f1al\u00f3 que el urbanismo es importante para el manejo de las ciudades.<\/p>\n\n\n\n<p>En el evento tambi\u00e9n estuvieron presentes el arquitecto Alberto Medrano Contreras, director de IMPLAN Culiac\u00e1n, as\u00ed como el Coordinador Licenciatura en Dise\u00f1o Urbano y del Paisaje, maestro Ricardo Ulises Ruvalcaba L\u00f3pez.<\/p>\n\n\n\n<p>Las actividades para conmemorar el D\u00eda Internacional del Urbanismo durar\u00e1n toda la semana con eventos acad\u00e9micos presenciales y virtuales que ser\u00e1n transmitidos a trav\u00e9s de la cuenta de Facebook Facultad de Arquitectura UAS.<\/p>\n\n\n\n<figure class=\"wp-block-image size-full\"><img fetchpriority=\"high\" decoding=\"async\" width=\"1280\" height=\"853\" src=\"https:\/\/portaltactica.com\/wp-content\/uploads\/2021\/11\/grande_452603001636409772.jpg\" alt=\"\" class=\"wp-image-52286\" srcset=\"https:\/\/portaltactica.com\/wp-content\/uploads\/2021\/11\/grande_452603001636409772.jpg 1280w, https:\/\/portaltactica.com\/wp-content\/uploads\/2021\/11\/grande_452603001636409772-768x512.jpg 768w, https:\/\/portaltactica.com\/wp-content\/uploads\/2021\/11\/grande_452603001636409772-1170x780.jpg 1170w, https:\/\/portaltactica.com\/wp-content\/uploads\/2021\/11\/grande_452603001636409772-585x390.jpg 585w, https:\/\/portaltactica.com\/wp-content\/uploads\/2021\/11\/grande_452603001636409772-263x175.jpg 263w, https:\/\/portaltactica.com\/wp-content\/uploads\/2021\/11\/grande_452603001636409772-272x182.jpg 272w\" sizes=\"(max-width: 1280px) 100vw, 1280px\" \/><\/figure>\n<div class='share-to-whatsapp-wrapper'><div class='share-on-whsp'>Share on: <\/div><a data-text='Semana del Urbanismo en marcha en la Facultad de Arquitectura' data-link='https:\/\/portaltactica.com\/?p=52284' class='whatsapp-button whatsapp-share'>WhatsApp<\/a><div class='clear '><\/div><\/div>","protected":false},"excerpt":{"rendered":"<p>Con la finalidad de promover y reconocer el papel de la planificaci\u00f3n en la creaci\u00f3n y manejo de comunidades habitacionales, la&hellip;<\/p>\n","protected":false},"author":1,"featured_media":52285,"comment_status":"open","ping_status":"open","sticky":false,"template":"","format":"standard","meta":{"advanced_seo_description":"","jetpack_seo_html_title":"","jetpack_seo_noindex":false,"_jetpack_memberships_contains_paid_content":false,"footnotes":"","jetpack_publicize_message":"","jetpack_publicize_feature_enabled":true,"jetpack_social_post_already_shared":true,"jetpack_social_options":{"image_generator_settings":{"template":"highway","default_image_id":0,"font":"","enabled":false},"version":2}},"categories":[947],"tags":[558],"class_list":["post-52284","post","type-post","status-publish","format-standard","has-post-thumbnail","hentry","category-universidad","tag-uas"],"jetpack_publicize_connections":[],"jetpack_featured_media_url":"https:\/\/portaltactica.com\/wp-content\/uploads\/2021\/11\/grande_537572001636409770.jpg","jetpack_sharing_enabled":true,"_links":{"self":[{"href":"https:\/\/portaltactica.com\/index.php?rest_route=\/wp\/v2\/posts\/52284","targetHints":{"allow":["GET"]}}],"collection":[{"href":"https:\/\/portaltactica.com\/index.php?rest_route=\/wp\/v2\/posts"}],"about":[{"href":"https:\/\/portaltactica.com\/index.php?rest_route=\/wp\/v2\/types\/post"}],"author":[{"embeddable":true,"href":"https:\/\/portaltactica.com\/index.php?rest_route=\/wp\/v2\/users\/1"}],"replies":[{"embeddable":true,"href":"https:\/\/portaltactica.com\/index.php?rest_route=%2Fwp%2Fv2%2Fcomments&post=52284"}],"version-history":[{"count":1,"href":"https:\/\/portaltactica.com\/index.php?rest_route=\/wp\/v2\/posts\/52284\/revisions"}],"predecessor-version":[{"id":52287,"href":"https:\/\/portaltactica.com\/index.php?rest_route=\/wp\/v2\/posts\/52284\/revisions\/52287"}],"wp:featuredmedia":[{"embeddable":true,"href":"https:\/\/portaltactica.com\/index.php?rest_route=\/wp\/v2\/media\/52285"}],"wp:attachment":[{"href":"https:\/\/portaltactica.com\/index.php?rest_route=%2Fwp%2Fv2%2Fmedia&parent=52284"}],"wp:term":[{"taxonomy":"category","embeddable":true,"href":"https:\/\/portaltactica.com\/index.php?rest_route=%2Fwp%2Fv2%2Fcategories&post=52284"},{"taxonomy":"post_tag","embeddable":true,"href":"https:\/\/portaltactica.com\/index.php?rest_route=%2Fwp%2Fv2%2Ftags&post=52284"}],"curies":[{"name":"wp","href":"https:\/\/api.w.org\/{rel}","templated":true}]}}