{"id":52105,"date":"2021-11-02T11:51:43","date_gmt":"2021-11-02T18:51:43","guid":{"rendered":"https:\/\/portaltactica.com\/?p=52105"},"modified":"2021-11-02T11:51:48","modified_gmt":"2021-11-02T18:51:48","slug":"porsche-reconoce-que-cada-vez-esta-mas-cerca-de-llegar-a-la-f1","status":"publish","type":"post","link":"https:\/\/portaltactica.com\/?p=52105","title":{"rendered":"Porsche reconoce que cada vez est\u00e1 m\u00e1s cerca de llegar a la F1"},"content":{"rendered":"\n<p>El Grupo Volkswagen, propietario de Porsche y Audi, ha participado en las reuniones entre la FIA y los actuales fabricantes de la F1 para discutir su posible entrada a partir de 2026, cuando entre en vigor el nuevo reglamento de motores. Uno de los cambios ser\u00e1 la desaparici\u00f3n del MGU-H.<\/p>\n\n\n\n<p>Porsche lleva muchos a\u00f1os sopesando la posibilidad de entrar en la F1 y ten\u00eda un proyecto en marcha para 2021, pero abandon\u00f3 los planes cuando el campeonato desech\u00f3 la idea de cambiar el reglamento.<\/p>\n\n\n\n<p>Thomas Laudenbach Fue nombrado vicepresidente de Motorsports de Porsche el 1 de octubre y desde entonces ha estado muy involucrado en la toma de decisiones.<\/p>\n\n\n\n<p>En una charla con varios medios de comunicaci\u00f3n, entre ellos Motorsport.com, el ingeniero alem\u00e1n detall\u00f3 los factores necesarios para que Porsche apueste por la pr\u00f3xima generaci\u00f3n de unidades de potencia.<\/p>\n\n\n\n<p>&#8220;Si nos fijamos en lo que anuncian los fabricantes sobre la proporci\u00f3n de veh\u00edculos el\u00e9ctricos que quieren vender en el futuro, creo que es muy importante que la F\u00f3rmula 1 d\u00e9 un giro hacia la electrificaci\u00f3n&#8221;, dijo.<\/p>\n\n\n\n<p>&#8220;Est\u00e1 claro que no se puede hacer un formato con un coche el\u00e9ctrico [totalmente]. Todos lo sabemos. Pero la parte el\u00e9ctrica tiene que tener mucha m\u00e1s prioridad. Eso es importante. Para mostrarse en el automovilismo, tiene que ser relevante para lo que ocurre en la calle.<\/p>\n\n\n\n<p>&#8220;Ahora la FIA ha dado un gran paso en esa direcci\u00f3n. Eso va a ayudar&#8221;.<\/p>\n\n\n\n<p>Laudenbach insisti\u00f3 en que Porsche necesita que la F1 vaya m\u00e1s all\u00e1 en sus medidas de l\u00edmite de gasto, y Laudenbach sugiri\u00f3 utilizar m\u00e1s piezas est\u00e1ndar en el motor de combusti\u00f3n interna.<\/p>\n\n\n\n<p>&#8220;No es ning\u00fan secreto que estamos pensando [en la F1]. No es ning\u00fan secreto que estamos hablando con la FIA y no es ning\u00fan secreto que estamos, digamos, consider\u00e1ndolo seriamente. Pero todav\u00eda no se ha tomado ninguna decisi\u00f3n. &#8220;<\/p>\n\n\n\n<p>&#8220;Por lo que s\u00e9, se est\u00e1 avanzando mucho en la direcci\u00f3n correcta en lo que respecta a la F\u00f3rmula 1: la importancia de la electrificaci\u00f3n o de la parte el\u00e9ctrica del tren motriz. Nos gustar\u00eda ver m\u00e1s piezas de serie en el motor, la libertad de los conductores. partes el\u00e9ctricas &#8220;.<\/p>\n\n\n\n<p>&#8220;S\u00ed, muchos de los factores que he mencionado, por lo que sabemos, podr\u00edan hacerse realidad&#8221;, dijo.<\/p>\n\n\n\n<p>El directivo de 53 a\u00f1os, que regresa a Porsche tras ocho a\u00f1os en Audi Sport, tambi\u00e9n fij\u00f3 un plazo para tomar una decisi\u00f3n.<\/p>\n\n\n\n<p>&#8220;Una cosa est\u00e1 clara, si se toma la decisi\u00f3n no se puede esperar demasiado porque si se quiere correr en 2025 hay que empezar en un momento determinado. En eso estamos&#8221;.<\/p>\n\n\n\n<p>&#8220;Tampoco es un secreto que si miras los valores de las relaciones p\u00fablicas, la base de fans y el valor publicitario, la F\u00f3rmula 1 es extremadamente buena comparada con otras series. No hay duda de ello&#8221;, concluy\u00f3.<\/p>\n\n\n\n<p><\/p>\n\n\n\n<p style=\"font-size:8px\"><em>Fuente: Today 24.<\/em><\/p>\n<div class='share-to-whatsapp-wrapper'><div class='share-on-whsp'>Share on: <\/div><a data-text='Porsche reconoce que cada vez est\u00e1 m\u00e1s cerca de llegar a la F1' data-link='https:\/\/portaltactica.com\/?p=52105' class='whatsapp-button whatsapp-share'>WhatsApp<\/a><div class='clear '><\/div><\/div>","protected":false},"excerpt":{"rendered":"<p>El Grupo Volkswagen, propietario de Porsche y Audi, ha participado en las reuniones entre la FIA y los actuales fabricantes de&hellip;<\/p>\n","protected":false},"author":2,"featured_media":52106,"comment_status":"open","ping_status":"open","sticky":false,"template":"","format":"standard","meta":{"advanced_seo_description":"","jetpack_seo_html_title":"","jetpack_seo_noindex":false,"_jetpack_memberships_contains_paid_content":false,"footnotes":"","jetpack_publicize_message":"","jetpack_publicize_feature_enabled":true,"jetpack_social_post_already_shared":true,"jetpack_social_options":{"image_generator_settings":{"template":"highway","default_image_id":0,"font":"","enabled":false},"version":2}},"categories":[1898],"tags":[543,188,1813],"class_list":["post-52105","post","type-post","status-publish","format-standard","has-post-thumbnail","hentry","category-destacado-internacional","tag-f1","tag-formula-1","tag-porsche"],"jetpack_publicize_connections":[],"jetpack_featured_media_url":"https:\/\/portaltactica.com\/wp-content\/uploads\/2021\/11\/2.jpg","jetpack_sharing_enabled":true,"_links":{"self":[{"href":"https:\/\/portaltactica.com\/index.php?rest_route=\/wp\/v2\/posts\/52105","targetHints":{"allow":["GET"]}}],"collection":[{"href":"https:\/\/portaltactica.com\/index.php?rest_route=\/wp\/v2\/posts"}],"about":[{"href":"https:\/\/portaltactica.com\/index.php?rest_route=\/wp\/v2\/types\/post"}],"author":[{"embeddable":true,"href":"https:\/\/portaltactica.com\/index.php?rest_route=\/wp\/v2\/users\/2"}],"replies":[{"embeddable":true,"href":"https:\/\/portaltactica.com\/index.php?rest_route=%2Fwp%2Fv2%2Fcomments&post=52105"}],"version-history":[{"count":1,"href":"https:\/\/portaltactica.com\/index.php?rest_route=\/wp\/v2\/posts\/52105\/revisions"}],"predecessor-version":[{"id":52107,"href":"https:\/\/portaltactica.com\/index.php?rest_route=\/wp\/v2\/posts\/52105\/revisions\/52107"}],"wp:featuredmedia":[{"embeddable":true,"href":"https:\/\/portaltactica.com\/index.php?rest_route=\/wp\/v2\/media\/52106"}],"wp:attachment":[{"href":"https:\/\/portaltactica.com\/index.php?rest_route=%2Fwp%2Fv2%2Fmedia&parent=52105"}],"wp:term":[{"taxonomy":"category","embeddable":true,"href":"https:\/\/portaltactica.com\/index.php?rest_route=%2Fwp%2Fv2%2Fcategories&post=52105"},{"taxonomy":"post_tag","embeddable":true,"href":"https:\/\/portaltactica.com\/index.php?rest_route=%2Fwp%2Fv2%2Ftags&post=52105"}],"curies":[{"name":"wp","href":"https:\/\/api.w.org\/{rel}","templated":true}]}}