{"id":51414,"date":"2021-10-01T15:55:00","date_gmt":"2021-10-01T21:55:00","guid":{"rendered":"https:\/\/portaltactica.com\/?p=51414"},"modified":"2021-10-03T16:23:23","modified_gmt":"2021-10-03T22:23:23","slug":"con-actividades-academicas-conmemoran-el-dia-del-arquitecto-en-la-uas","status":"publish","type":"post","link":"https:\/\/portaltactica.com\/?p=51414","title":{"rendered":"Con actividades acad\u00e9micas conmemoran el D\u00eda del Arquitecto en la UAS"},"content":{"rendered":"\n<p>En conmemoraci\u00f3n del D\u00eda del Arquitecto, la Facultad de Arquitectura de la Universidad Aut\u00f3noma de Sinaloa (UAS) desarroll\u00f3 un d\u00eda de actividades acad\u00e9micas online dirigidas a su comunidad estudiantil, docente y egresados.<\/p>\n\n\n\n<p>La directora de la facultad, Armida Llamas Estrada, fue la encargada de dar la bienvenida e inaugurar el ciclo de conferencias cuyo objetivo, dijo, es fortalecer la formaci\u00f3n de los estudiantes, ampliar su visi\u00f3n y motivarlos a realizar dise\u00f1os que contribuyan a mejorar el entorno y la calidad de vida de la sociedad.&nbsp;<\/p>\n\n\n\n<p>\u201cQu\u00e9 mejor parteaguas que el escenario en el que nos encontramos al d\u00eda de hoy, donde el ejercicio de la arquitectura conlleva hist\u00f3ricos y nuevos desaf\u00edos acordes a esta \u00e9poca con adecuaciones sociales, emergentes, digitales y sanitarias, as\u00ed como la constante b\u00fasqueda de la integraci\u00f3n de las edificaciones al entorno natural\u201d, expres\u00f3.<\/p>\n\n\n\n<p>En su mensaje, tambi\u00e9n felicit\u00f3 a los futuros arquitectos y los conmin\u00f3 a seguir enriqueciendo su formaci\u00f3n acad\u00e9mica y a ejercer su profesi\u00f3n con \u00e9tica, desarrollando proyectos que aporten soluciones a las necesidades sociales.&nbsp;<\/p>\n\n\n\n<p>\u201cEstoy convencida que, en el \u00e1mbito de la arquitectura, la burbuja acad\u00e9mica representa la red de protecci\u00f3n ideal para ensayar maestros y alumnos nuevos y arriesgados vuelos en el que este escenario de precariedad social y adecuaci\u00f3n a los recursos virtuales nos permiten contar con la misma creatividad que nos distingue e innovar en t\u00e9cnicas, formas, conceptos y metodolog\u00edas que dan cause a las soluciones que demanda la sociedad y el contexto global\u201d, expuso.<\/p>\n\n\n\n<p>Posterior a la inauguraci\u00f3n se dio paso a la conferencia del arquitecto Crimson Pasquinel, fundador de la firma PASQUINEL Studio, quien expuso a los presentes algunos de los proyectos que ha dise\u00f1ado y llevado a obra en los \u00faltimos a\u00f1os.<\/p>\n\n\n\n<p>Entre los proyectos que mencion\u00f3 se encuentra el Restaurante Loma en Estados Unidos, un showroom para Tequila Clase Azul ubicado en el aeropuerto de Los Cabos y el Hotel Casa de Agua en Tepoztl\u00e1n, Morelos, proyecto con el cual fue reconocido en el a\u00f1o 2020 al obtener medalla de plata en la XVI Bienal de Arquitectura Mexicana en la categor\u00eda turismo.<br>El ponente, se\u00f1al\u00f3 que en sus dise\u00f1os le gusta emplear factores como iluminaci\u00f3n, vegetaci\u00f3n, agua y materiales naturales para convertir el espacio en un lugar acogedor y en ese sentido, invit\u00f3 a los futuros arquitectos a dise\u00f1ar con creatividad y a utilizar en cada uno de sus proyectos, elementos que transmitan sensaci\u00f3n de calidez en cada uno de los espacios.<\/p>\n\n\n\n<p>La jornada de actividades acad\u00e9micas, la cual fue transmitida a trav\u00e9s de la p\u00e1gina Facultad de Arquitectura UAS en Facebook, continu\u00f3 con las conferencias de MEM arquitectos y CONC\u00c9NTRICO y con los talleres impartidos por los arquitectos Ulises Beltr\u00e1n Ramos y Alfonso Maldonado Ochoa.<\/p>\n<div class='share-to-whatsapp-wrapper'><div class='share-on-whsp'>Share on: <\/div><a data-text='Con actividades acad\u00e9micas conmemoran el D\u00eda del Arquitecto en la UAS' data-link='https:\/\/portaltactica.com\/?p=51414' class='whatsapp-button whatsapp-share'>WhatsApp<\/a><div class='clear '><\/div><\/div>","protected":false},"excerpt":{"rendered":"<p>En conmemoraci\u00f3n del D\u00eda del Arquitecto, la Facultad de Arquitectura de la Universidad Aut\u00f3noma de Sinaloa (UAS) desarroll\u00f3 un d\u00eda de&hellip;<\/p>\n","protected":false},"author":1,"featured_media":51415,"comment_status":"open","ping_status":"open","sticky":false,"template":"","format":"standard","meta":{"advanced_seo_description":"","jetpack_seo_html_title":"","jetpack_seo_noindex":false,"_jetpack_memberships_contains_paid_content":false,"footnotes":"","jetpack_publicize_message":"","jetpack_publicize_feature_enabled":true,"jetpack_social_post_already_shared":true,"jetpack_social_options":{"image_generator_settings":{"template":"highway","default_image_id":0,"font":"","enabled":false},"version":2}},"categories":[947],"tags":[558],"class_list":["post-51414","post","type-post","status-publish","format-standard","has-post-thumbnail","hentry","category-universidad","tag-uas"],"jetpack_publicize_connections":[],"jetpack_featured_media_url":"https:\/\/portaltactica.com\/wp-content\/uploads\/2021\/10\/grande_033965001633126243.jpg","jetpack_sharing_enabled":true,"_links":{"self":[{"href":"https:\/\/portaltactica.com\/index.php?rest_route=\/wp\/v2\/posts\/51414","targetHints":{"allow":["GET"]}}],"collection":[{"href":"https:\/\/portaltactica.com\/index.php?rest_route=\/wp\/v2\/posts"}],"about":[{"href":"https:\/\/portaltactica.com\/index.php?rest_route=\/wp\/v2\/types\/post"}],"author":[{"embeddable":true,"href":"https:\/\/portaltactica.com\/index.php?rest_route=\/wp\/v2\/users\/1"}],"replies":[{"embeddable":true,"href":"https:\/\/portaltactica.com\/index.php?rest_route=%2Fwp%2Fv2%2Fcomments&post=51414"}],"version-history":[{"count":1,"href":"https:\/\/portaltactica.com\/index.php?rest_route=\/wp\/v2\/posts\/51414\/revisions"}],"predecessor-version":[{"id":51416,"href":"https:\/\/portaltactica.com\/index.php?rest_route=\/wp\/v2\/posts\/51414\/revisions\/51416"}],"wp:featuredmedia":[{"embeddable":true,"href":"https:\/\/portaltactica.com\/index.php?rest_route=\/wp\/v2\/media\/51415"}],"wp:attachment":[{"href":"https:\/\/portaltactica.com\/index.php?rest_route=%2Fwp%2Fv2%2Fmedia&parent=51414"}],"wp:term":[{"taxonomy":"category","embeddable":true,"href":"https:\/\/portaltactica.com\/index.php?rest_route=%2Fwp%2Fv2%2Fcategories&post=51414"},{"taxonomy":"post_tag","embeddable":true,"href":"https:\/\/portaltactica.com\/index.php?rest_route=%2Fwp%2Fv2%2Ftags&post=51414"}],"curies":[{"name":"wp","href":"https:\/\/api.w.org\/{rel}","templated":true}]}}