{"id":51194,"date":"2021-09-24T14:22:59","date_gmt":"2021-09-24T20:22:59","guid":{"rendered":"https:\/\/portaltactica.com\/?p=51194"},"modified":"2021-09-24T14:23:03","modified_gmt":"2021-09-24T20:23:03","slug":"dani-alves-aclara-la-situacion-sobre-su-futuro","status":"publish","type":"post","link":"https:\/\/portaltactica.com\/?p=51194","title":{"rendered":"Dani Alves aclara la situaci\u00f3n sobre su futuro"},"content":{"rendered":"\n<p class=\"has-text-align-center\" style=\"font-size:22px\"><em><strong>Dani Alves ha comunicado que tiene decidido no fichar por ning\u00fan equipo esta temporada. A su vez, el brasile\u00f1o, a trav\u00e9s de un mensaje en su Instagram, ha dicho que volver\u00e1<\/strong><\/em><\/p>\n\n\n\n<p><strong>Dani Alves dej\u00f3 el Sao Paulo a principios de mes\u00a0<\/strong>por una deuda que manten\u00eda el club con \u00e9l de 3 millones de euros. El lateral brasile\u00f1o no se present\u00f3 a los entrenamientos en la fecha fijada despu\u00e9s de sus compromisos internacionales por los mencionados impagos y al cabo de unos d\u00edas, el conjunto &#8216;tricolor&#8217; anunci\u00f3 que rescind\u00eda su contrato.<\/p>\n\n\n\n<p>Una vez conocida la noticia, se lo relacion\u00f3 con muchos clubes,\u00a0el Flamengo como su destino m\u00e1s probable, pero nada de ello le ha convencido, as\u00ed que, como ha anunciado: &#8220;<strong>No fichar\u00e9 por ning\u00fan club esta temporada<\/strong>&#8220;.<\/p>\n\n\n\n<p id=\"sc_ending_message\">Thank you for watching<\/p>\n\n\n\n<p>Mediante un comunicado en su cuenta personal de Instagram, ha compartido que esta es su intenci\u00f3n y que\u00a0<strong>no es un adi\u00f3s, que esto no ha terminado y que volver\u00e1<\/strong>.<\/p>\n\n\n\n<p>A su vez, tambi\u00e9n ha manifestado que\u00a0<strong>volvi\u00f3 a Brasil para lograr un sue\u00f1o<\/strong>, y lo ha hecho, por lo que no puede estar m\u00e1s feliz.<\/p>\n\n\n\n<h3 class=\"wp-block-heading\">Este es el comunicado \u00edntegro:<\/h3>\n\n\n\n<p>&#8220;Vengo aqu\u00ed para informarles que&nbsp;<strong>he optado por no fichar por ning\u00fan club durante el resto del a\u00f1o<\/strong>.<\/p>\n\n\n\n<p>Vine a Brasil por el sue\u00f1o de un ni\u00f1o y el sue\u00f1o se cumpli\u00f3.\u00a0<strong>Ser campe\u00f3n con el club del coraz\u00f3n no tiene precio<\/strong>. No se trata de dinero, se trata de valores, se trata de hombr\u00eda, se trata de car\u00e1cter, SE TRATA DE LEGADO.<\/p>\n\n\n\n<p>Es necesario tomar decisiones dif\u00edciles, pero como de costumbre, nada en mi vida ha sido f\u00e1cil. Es solo otra decisi\u00f3n.\u00a0<strong>Gracias a todos por su inter\u00e9s<\/strong>, pero me gustar\u00eda que el cap\u00edtulo se cerrara sin ninguna interferencia.<\/p>\n\n\n\n<p>S\u00e9 que se dijeron muchas cosas, pero la verdad es solo una, vine aqu\u00ed por un sue\u00f1o y me voy de aqu\u00ed cumplida.\u00a0<strong>Muchas gracias #NOHATERMINADO #VOLVER\u00c9<\/strong>&#8220;<\/p>\n\n\n\n<p><\/p>\n\n\n\n<p style=\"font-size:8px\"><em>Fuente: Sport.<\/em><\/p>\n<div class='share-to-whatsapp-wrapper'><div class='share-on-whsp'>Share on: <\/div><a data-text='Dani Alves aclara la situaci\u00f3n sobre su futuro' data-link='https:\/\/portaltactica.com\/?p=51194' class='whatsapp-button whatsapp-share'>WhatsApp<\/a><div class='clear '><\/div><\/div>","protected":false},"excerpt":{"rendered":"<p>Dani Alves ha comunicado que tiene decidido no fichar por ning\u00fan equipo esta temporada. A su vez, el brasile\u00f1o, a trav\u00e9s&hellip;<\/p>\n","protected":false},"author":2,"featured_media":51195,"comment_status":"open","ping_status":"open","sticky":false,"template":"","format":"standard","meta":{"advanced_seo_description":"","jetpack_seo_html_title":"","jetpack_seo_noindex":false,"_jetpack_memberships_contains_paid_content":false,"footnotes":"","jetpack_publicize_message":"","jetpack_publicize_feature_enabled":true,"jetpack_social_post_already_shared":true,"jetpack_social_options":{"image_generator_settings":{"template":"highway","default_image_id":0,"font":"","enabled":false},"version":2}},"categories":[6],"tags":[1539],"class_list":["post-51194","post","type-post","status-publish","format-standard","has-post-thumbnail","hentry","category-internacional","tag-dani-alves"],"jetpack_publicize_connections":[],"jetpack_featured_media_url":"https:\/\/portaltactica.com\/wp-content\/uploads\/2021\/09\/5-1.jpg","jetpack_sharing_enabled":true,"_links":{"self":[{"href":"https:\/\/portaltactica.com\/index.php?rest_route=\/wp\/v2\/posts\/51194","targetHints":{"allow":["GET"]}}],"collection":[{"href":"https:\/\/portaltactica.com\/index.php?rest_route=\/wp\/v2\/posts"}],"about":[{"href":"https:\/\/portaltactica.com\/index.php?rest_route=\/wp\/v2\/types\/post"}],"author":[{"embeddable":true,"href":"https:\/\/portaltactica.com\/index.php?rest_route=\/wp\/v2\/users\/2"}],"replies":[{"embeddable":true,"href":"https:\/\/portaltactica.com\/index.php?rest_route=%2Fwp%2Fv2%2Fcomments&post=51194"}],"version-history":[{"count":1,"href":"https:\/\/portaltactica.com\/index.php?rest_route=\/wp\/v2\/posts\/51194\/revisions"}],"predecessor-version":[{"id":51196,"href":"https:\/\/portaltactica.com\/index.php?rest_route=\/wp\/v2\/posts\/51194\/revisions\/51196"}],"wp:featuredmedia":[{"embeddable":true,"href":"https:\/\/portaltactica.com\/index.php?rest_route=\/wp\/v2\/media\/51195"}],"wp:attachment":[{"href":"https:\/\/portaltactica.com\/index.php?rest_route=%2Fwp%2Fv2%2Fmedia&parent=51194"}],"wp:term":[{"taxonomy":"category","embeddable":true,"href":"https:\/\/portaltactica.com\/index.php?rest_route=%2Fwp%2Fv2%2Fcategories&post=51194"},{"taxonomy":"post_tag","embeddable":true,"href":"https:\/\/portaltactica.com\/index.php?rest_route=%2Fwp%2Fv2%2Ftags&post=51194"}],"curies":[{"name":"wp","href":"https:\/\/api.w.org\/{rel}","templated":true}]}}