{"id":50876,"date":"2021-09-10T13:43:09","date_gmt":"2021-09-10T19:43:09","guid":{"rendered":"https:\/\/portaltactica.com\/?p=50876"},"modified":"2021-09-10T13:43:18","modified_gmt":"2021-09-10T19:43:18","slug":"la-conmebol-en-contra-de-la-idea-de-celebrar-el-mundial-cada-dos-anos","status":"publish","type":"post","link":"https:\/\/portaltactica.com\/?p=50876","title":{"rendered":"La Conmebol en contra de la idea de celebrar el Mundial cada dos a\u00f1os"},"content":{"rendered":"\n<p>La Conmebol manifest\u00f3 este viernes que una celebraci\u00f3n de la Copa del Mundo cada dos a\u00f1os, tal y como propone la FIFA, &#8220;podr\u00eda desnaturalizar la m\u00e1s importante competici\u00f3n de f\u00fatbol en el planeta&#8221;, &#8221; rebajando su calidad y minando su car\u00e1cter exclusivo y sus actuales est\u00e1ndares de exigencia&#8221;.<\/p>\n\n\n\n<p>A\u00f1adi\u00f3 que<strong><em>&nbsp;&#8220;una Copa del Mundo cada dos a\u00f1os supondr\u00eda una sobrecarga pr\u00e1cticamente imposible de gestionar en el calendario internacional de competiciones&#8221;.<\/em><\/strong><\/p>\n\n\n\n<p><em>&#8220;En las condiciones hoy vigentes ya resulta complejo armonizar los tiempos, cronogramas, la log\u00edstica, la preparaci\u00f3n adecuada de los equipos y los compromisos&#8221;,\u00a0<\/em>dice el comunicado.<\/p>\n\n\n\n<p>Asimismo, el organismo sudamericano alert\u00f3 de que el cambio &#8220;<em>podr\u00eda poner en riesgo incluso la calidad de los dem\u00e1s torneos, tanto de clubes como de selecciones&#8221;.<\/em><\/p>\n\n\n\n<p><em>&#8220;La idea de la Copa del Mundo es reunir a los futbolistas m\u00e1s talentosos, los t\u00e9cnicos m\u00e1s destacados y los \u00e1rbitros m\u00e1s capacitados para determinar en una competencia leal y justa cu\u00e1l es la mejor selecci\u00f3n del planeta. Esto no se puede lograr sin una preparaci\u00f3n apropiada, sin que los equipos desarrollen sus cualidades y los t\u00e9cnicos dise\u00f1en y apliquen estrategias&#8221;<\/em>, agreg\u00f3 el ente.<\/p>\n\n\n\n<p>Para acotar que Conmebol&nbsp;<em>&#8220;defiende la b\u00fasqueda de la excelencia en el campo de juego y apuesta por cert\u00e1menes cada vez m\u00e1s competitivos y de la mayor calidad&#8221; y que &#8220;no existe una justificaci\u00f3n deportiva para acortar el periodo entre Copas del Mundo&#8221;.<\/em><\/p>\n\n\n\n<p>No obstante, la Conmebol subraya que<em>\u00a0&#8220;para la aprobaci\u00f3n de un cambio de esta naturaleza es indispensable un proceso amplio y participativo de consultas con todos los actores involucrados&#8221;.<\/em><\/p>\n\n\n\n<p>&#8220;Debe ser el fruto de un debate franco, en el que sean consideradas todas las opiniones y criterios. La Conmebol est\u00e1 y siempre estar\u00e1 abierta al di\u00e1logo que busque lo mejor para el f\u00fatbol&#8221;, dice la nota.<\/p>\n\n\n\n<p>En ese sentido, la Conmebol record\u00f3 que en alg\u00fan momento apoy\u00f3 el proyecto, pero que los &#8220;an\u00e1lisis t\u00e9cnicos mostraron que es altamente inviable&#8221;.<\/p>\n\n\n\n<p>&#8220;Por ello, en las condiciones actuales, ratifica su respaldo al modelo de Copa del Mundo vigente, con sus plazos y mecanismos de clasificaci\u00f3n, por considerarlo coherente con el esp\u00edritu que anim\u00f3 a quienes concibieron y fundaron esta competici\u00f3n&#8221;, concluye el comunicado.<\/p>\n\n\n\n<p><\/p>\n\n\n\n<p style=\"font-size:8px\"><em>Fuente: Espn.<\/em><\/p>\n<div class='share-to-whatsapp-wrapper'><div class='share-on-whsp'>Share on: <\/div><a data-text='La Conmebol en contra de la idea de celebrar el Mundial cada dos a\u00f1os' data-link='https:\/\/portaltactica.com\/?p=50876' class='whatsapp-button whatsapp-share'>WhatsApp<\/a><div class='clear '><\/div><\/div>","protected":false},"excerpt":{"rendered":"<p>La Conmebol manifest\u00f3 este viernes que una celebraci\u00f3n de la Copa del Mundo cada dos a\u00f1os, tal y como propone la&hellip;<\/p>\n","protected":false},"author":2,"featured_media":50878,"comment_status":"open","ping_status":"open","sticky":false,"template":"","format":"standard","meta":{"advanced_seo_description":"","jetpack_seo_html_title":"","jetpack_seo_noindex":false,"_jetpack_memberships_contains_paid_content":false,"footnotes":"","jetpack_publicize_message":"","jetpack_publicize_feature_enabled":true,"jetpack_social_post_already_shared":true,"jetpack_social_options":{"image_generator_settings":{"template":"highway","default_image_id":0,"font":"","enabled":false},"version":2}},"categories":[1896],"tags":[3475,714],"class_list":["post-50876","post","type-post","status-publish","format-standard","has-post-thumbnail","hentry","category-destacado-portada","tag-conmebol","tag-fifa"],"jetpack_publicize_connections":[],"jetpack_featured_media_url":"https:\/\/portaltactica.com\/wp-content\/uploads\/2021\/09\/2-5.jpg","jetpack_sharing_enabled":true,"_links":{"self":[{"href":"https:\/\/portaltactica.com\/index.php?rest_route=\/wp\/v2\/posts\/50876","targetHints":{"allow":["GET"]}}],"collection":[{"href":"https:\/\/portaltactica.com\/index.php?rest_route=\/wp\/v2\/posts"}],"about":[{"href":"https:\/\/portaltactica.com\/index.php?rest_route=\/wp\/v2\/types\/post"}],"author":[{"embeddable":true,"href":"https:\/\/portaltactica.com\/index.php?rest_route=\/wp\/v2\/users\/2"}],"replies":[{"embeddable":true,"href":"https:\/\/portaltactica.com\/index.php?rest_route=%2Fwp%2Fv2%2Fcomments&post=50876"}],"version-history":[{"count":1,"href":"https:\/\/portaltactica.com\/index.php?rest_route=\/wp\/v2\/posts\/50876\/revisions"}],"predecessor-version":[{"id":50879,"href":"https:\/\/portaltactica.com\/index.php?rest_route=\/wp\/v2\/posts\/50876\/revisions\/50879"}],"wp:featuredmedia":[{"embeddable":true,"href":"https:\/\/portaltactica.com\/index.php?rest_route=\/wp\/v2\/media\/50878"}],"wp:attachment":[{"href":"https:\/\/portaltactica.com\/index.php?rest_route=%2Fwp%2Fv2%2Fmedia&parent=50876"}],"wp:term":[{"taxonomy":"category","embeddable":true,"href":"https:\/\/portaltactica.com\/index.php?rest_route=%2Fwp%2Fv2%2Fcategories&post=50876"},{"taxonomy":"post_tag","embeddable":true,"href":"https:\/\/portaltactica.com\/index.php?rest_route=%2Fwp%2Fv2%2Ftags&post=50876"}],"curies":[{"name":"wp","href":"https:\/\/api.w.org\/{rel}","templated":true}]}}