{"id":50180,"date":"2021-08-16T08:41:00","date_gmt":"2021-08-16T14:41:00","guid":{"rendered":"https:\/\/portaltactica.com\/?p=50180"},"modified":"2021-08-17T08:44:11","modified_gmt":"2021-08-17T14:44:11","slug":"el-regreso-a-clases-en-la-uas-sera-en-modalidad-mixta","status":"publish","type":"post","link":"https:\/\/portaltactica.com\/?p=50180","title":{"rendered":"El regreso a clases en la UAS ser\u00e1 en modalidad mixta"},"content":{"rendered":"\n<p>El regreso a clases en la Universidad Aut\u00f3noma de Sinaloa (UAS), programado para el 30 de agosto pr\u00f3ximo, ser\u00e1 en modalidad mixta, as\u00ed lo anunci\u00f3 el Rector, doctor Jes\u00fas Madue\u00f1a Molina, en reuni\u00f3n con integrantes de la Comisi\u00f3n Institucional de Admisi\u00f3n y del Comit\u00e9 de Salud de la instituci\u00f3n.<\/p>\n\n\n\n<p>El dirigente universitario dio a conocer un comunicado institucional, en donde se detallan los lineamientos que se seguir\u00e1n en la UAS para el regreso a clases en este Ciclo Escolar 2021-2022, ante la situaci\u00f3n sanitaria prevaleciente en la entidad, derivado de la pandemia por SARS-CoV-2.<\/p>\n\n\n\n<p>Entre las medidas y recomendaciones planteadas por el Comit\u00e9 de Salud de la Universidad, cuyo prop\u00f3sito es contribuir en la disminuci\u00f3n de contagios y garantizar el regreso seguro a las actividades acad\u00e9micas y administrativas en los niveles medio superior y superior, en todo el estado, se establece el regreso a clases en modalidad mixta (tambi\u00e9n denominada&nbsp;blended learning), donde las actividades relacionadas con contenidos conceptuales, te\u00f3ricos o actitudinales continuar\u00e1n en la modalidad en l\u00ednea.<\/p>\n\n\n\n<p>Solo regresar\u00e1n presencialmente las actividades relacionadas con aprendizajes pr\u00e1cticos, as\u00ed como la atenci\u00f3n a alumnos con rezago escolar y algunas evaluaciones de aprendizaje que ameriten supervisi\u00f3n o instrucci\u00f3n de destrezas y habilidades en ambientes de pr\u00e1cticas, las cuales ser\u00e1n en grupos peque\u00f1os y guardando todos los protocolos de salud.<\/p>\n\n\n\n<p>El Rector precis\u00f3 que las actividades acad\u00e9micas esenciales como las de laboratorios, cl\u00ednicas, talleres, pr\u00e1cticas profesionales y servicio social se realizar\u00e1n de manera presencial, garantizando el cumplimiento de los protocolos sanitarios, atendiendo a grupos peque\u00f1os en espacios ventilados y guardando la sana distancia.<\/p>\n\n\n\n<p>\u201cLas sesiones presenciales ser\u00e1n organizadas por cada unidad acad\u00e9mica en funci\u00f3n de la naturaleza de sus contenidos. Se contar\u00e1 con la flexibilidad suficiente para suspender estas sesiones ante situaciones de crisis por incremento de contagios en determinadas localidades o municipios donde se ubican los planteles\u201d, dijo Madue\u00f1a Molina.<\/p>\n\n\n\n<p>El regreso completo a la modalidad presencial en todas las actividades acad\u00e9micas se realizar\u00e1 cuando el sem\u00e1foro epidemiol\u00f3gico en la entidad se haya mantenido en color verde durante tres semanas consecutivas y la poblaci\u00f3n estudiantil tenga su esquema de vacunaci\u00f3n completo, se\u00f1al\u00f3 el Rector.<\/p>\n\n\n\n<p>El trabajo administrativo y de atenci\u00f3n a la comunidad universitaria se realizar\u00e1 de manera presencial en cada Unidad Acad\u00e9mica y Organizacional mediante un rol escalonado del personal y atendiendo las medidas de protecci\u00f3n sanitaria; las instalaciones universitarias estar\u00e1n permanentemente ventiladas y sanitizadas, y se dispondr\u00e1 de agua, jab\u00f3n y gel alcoholado.<\/p>\n\n\n\n<p>\u201cLas autoridades universitarias, en coordinaci\u00f3n con ambas secciones del Sindicato \u00danico de Trabajadores de la UAS, mantendr\u00e1n el exhorto para que el personal administrativo y docente, as\u00ed como las y los estudiantes, se vacunen o completen su esquema de vacunaci\u00f3n para un regreso seguro a las actividades\u201d, expres\u00f3 el dirigente universitario.<\/p>\n<div class='share-to-whatsapp-wrapper'><div class='share-on-whsp'>Share on: <\/div><a data-text='El regreso a clases en la UAS ser\u00e1 en modalidad mixta' data-link='https:\/\/portaltactica.com\/?p=50180' class='whatsapp-button whatsapp-share'>WhatsApp<\/a><div class='clear '><\/div><\/div>","protected":false},"excerpt":{"rendered":"<p>El regreso a clases en la Universidad Aut\u00f3noma de Sinaloa (UAS), programado para el 30 de agosto pr\u00f3ximo, ser\u00e1 en modalidad&hellip;<\/p>\n","protected":false},"author":1,"featured_media":50181,"comment_status":"open","ping_status":"open","sticky":false,"template":"","format":"standard","meta":{"advanced_seo_description":"","jetpack_seo_html_title":"","jetpack_seo_noindex":false,"_jetpack_memberships_contains_paid_content":false,"footnotes":"","jetpack_publicize_message":"","jetpack_publicize_feature_enabled":true,"jetpack_social_post_already_shared":true,"jetpack_social_options":{"image_generator_settings":{"template":"highway","default_image_id":0,"font":"","enabled":false},"version":2}},"categories":[947],"tags":[558],"class_list":["post-50180","post","type-post","status-publish","format-standard","has-post-thumbnail","hentry","category-universidad","tag-uas"],"jetpack_publicize_connections":[],"jetpack_featured_media_url":"https:\/\/portaltactica.com\/wp-content\/uploads\/2021\/08\/grande_680532001629142122.jpg","jetpack_sharing_enabled":true,"_links":{"self":[{"href":"https:\/\/portaltactica.com\/index.php?rest_route=\/wp\/v2\/posts\/50180","targetHints":{"allow":["GET"]}}],"collection":[{"href":"https:\/\/portaltactica.com\/index.php?rest_route=\/wp\/v2\/posts"}],"about":[{"href":"https:\/\/portaltactica.com\/index.php?rest_route=\/wp\/v2\/types\/post"}],"author":[{"embeddable":true,"href":"https:\/\/portaltactica.com\/index.php?rest_route=\/wp\/v2\/users\/1"}],"replies":[{"embeddable":true,"href":"https:\/\/portaltactica.com\/index.php?rest_route=%2Fwp%2Fv2%2Fcomments&post=50180"}],"version-history":[{"count":1,"href":"https:\/\/portaltactica.com\/index.php?rest_route=\/wp\/v2\/posts\/50180\/revisions"}],"predecessor-version":[{"id":50182,"href":"https:\/\/portaltactica.com\/index.php?rest_route=\/wp\/v2\/posts\/50180\/revisions\/50182"}],"wp:featuredmedia":[{"embeddable":true,"href":"https:\/\/portaltactica.com\/index.php?rest_route=\/wp\/v2\/media\/50181"}],"wp:attachment":[{"href":"https:\/\/portaltactica.com\/index.php?rest_route=%2Fwp%2Fv2%2Fmedia&parent=50180"}],"wp:term":[{"taxonomy":"category","embeddable":true,"href":"https:\/\/portaltactica.com\/index.php?rest_route=%2Fwp%2Fv2%2Fcategories&post=50180"},{"taxonomy":"post_tag","embeddable":true,"href":"https:\/\/portaltactica.com\/index.php?rest_route=%2Fwp%2Fv2%2Ftags&post=50180"}],"curies":[{"name":"wp","href":"https:\/\/api.w.org\/{rel}","templated":true}]}}