{"id":50159,"date":"2021-08-16T08:25:50","date_gmt":"2021-08-16T14:25:50","guid":{"rendered":"https:\/\/portaltactica.com\/?p=50159"},"modified":"2021-08-16T08:25:55","modified_gmt":"2021-08-16T14:25:55","slug":"thibaut-courtois-amplia-su-contrato-con-el-real-madrid-hasta-2026","status":"publish","type":"post","link":"https:\/\/portaltactica.com\/?p=50159","title":{"rendered":"Thibaut Courtois ampl\u00eda su contrato con el Real Madrid hasta 2026"},"content":{"rendered":"\n<h2 class=\"wp-block-heading\">El arquero de B\u00e9lgica rubric\u00f3 un nuevo acuerdo con el club al que lleg\u00f3 en el 2018 procedente del Chelsea ingl\u00e9s<\/h2>\n\n\n\n<p>El portero belga\u00a0<strong>Thibaut Courtois<\/strong>\u00a0firm\u00f3 la\u00a0<strong>renovaci\u00f3n de su contrato<\/strong>\u00a0con el\u00a0<strong>Real Madrid<\/strong>\u00a0hasta el 30 de junio de\u00a0<strong>2026<\/strong>, club al que defiende desde que en 2018 llegase procedente del\u00a0Chelsea.<\/p>\n\n\n\n<p><strong>Courtois<\/strong>, de 29 a\u00f1os, alcanz\u00f3 un acuerdo para extender su vinculaci\u00f3n y terminar de desarrollar su carrera en el\u00a0<strong>Real Madrid<\/strong>, equipo del que se ha convertido en referente, titular indiscutible y uno de los pilares tanto con Zinedine Zidane como en el regreso de Carlo Ancelotti.<\/p>\n\n\n\n<figure class=\"wp-block-image size-full\"><img fetchpriority=\"high\" decoding=\"async\" width=\"570\" height=\"321\" src=\"https:\/\/portaltactica.com\/wp-content\/uploads\/2021\/08\/2-9.jpg\" alt=\"\" class=\"wp-image-50160\" \/><\/figure>\n\n\n\n<p>El\u00a0<strong>Real Madrid<\/strong>\u00a0extiende su pol\u00edtica de renovaci\u00f3n a jugadores que est\u00e1n aportando un buen rendimiento y tras alcanzar a un acuerdo con el portero belga, se sell\u00f3 la renovaci\u00f3n con la firma de contrato en la Ciudad\u00a0<strong>Real Madrid<\/strong>.<\/p>\n\n\n\n<p>El acuerdo se escenific\u00f3 con la imagen del presidente Florentino P\u00e9rez junto a&nbsp;<strong>Courtois<\/strong>, que recibi\u00f3 una camiseta con su nombre y el n\u00famero&nbsp;<strong>2026<\/strong>&nbsp;como dorsal.<\/p>\n\n\n\n<p>Hace tres a\u00f1os, el 9 de agosto de 2018,\u00a0<strong>Courtois<\/strong>\u00a0fue presentado como nuevo jugador del\u00a0<strong>Real Madrid<\/strong>\u00a0en el estadio Santiago Bernab\u00e9u. &#8220;Estoy muy feliz de estar en el mejor club del mundo y estoy deseando empezar con este reto. Nunca hab\u00eda besado un escudo hasta hoy, que siento que estoy donde quiero estar&#8221;, coment\u00f3 en sus primeras palabras como jugador madridista.<\/p>\n\n\n\n<figure class=\"wp-block-embed is-type-rich is-provider-twitter wp-block-embed-twitter\"><div class=\"wp-block-embed__wrapper\">\n<blockquote class=\"twitter-tweet\" data-width=\"550\" data-dnt=\"true\"><p lang=\"und\" dir=\"ltr\">\u270d\ufe0f <a href=\"https:\/\/twitter.com\/hashtag\/Courtois2026?src=hash&amp;ref_src=twsrc%5Etfw\">#Courtois2026<\/a> <a href=\"https:\/\/t.co\/BZBss12FM7\">pic.twitter.com\/BZBss12FM7<\/a><\/p>&mdash; Real Madrid C.F. (@realmadrid) <a href=\"https:\/\/twitter.com\/realmadrid\/status\/1427240971356487688?ref_src=twsrc%5Etfw\">August 16, 2021<\/a><\/blockquote><script async src=\"https:\/\/platform.twitter.com\/widgets.js\" charset=\"utf-8\"><\/script>\n<\/div><\/figure>\n\n\n\n<p>Desde entonces, el internacional belga, ha disputado 130 partidos con el\u00a0<strong>Real Madrid<\/strong>\u00a0repartidos entre el centenar reci\u00e9n cumplido en\u00a0LaLiga, 24 en la\u00a0UEFA Champions League, tres de la\u00a0Supercopa de Espa\u00f1a, dos en el\u00a0Campeonato Mundial de Clubes\u00a0y uno en\u00a0Copa del Rey.<\/p>\n\n\n\n<p>Ha conquistado tres t\u00edtulos: una Liga, un Mundial y una Supercopa de Espa\u00f1a, y premios individuales como el &#8216;The Best&#8217; al portero de la FIFA en 2018 y &#8216;Trofeo Zamora&#8217; de la Liga 2019-20.<\/p>\n\n\n\n<p><strong>Courtois<\/strong>\u00a0se form\u00f3 en las filas del\u00a0Genk\u00a0belga, club en el que comenz\u00f3 a despuntar entre 2008 y 2010 para llegar al\u00a0Atl\u00e9tico de Madrid, en el que milit\u00f3 tres temporadas entre 2011 y 2014 cedido por el Chelsea, con cuyo equipo disput\u00f3 las siguientes cuatro campa\u00f1as antes de cumplir su objetivo de regresar al f\u00fatbol espa\u00f1ol y jugar en el\u00a0<strong>Real Madrid<\/strong>.<\/p>\n\n\n\n<p><\/p>\n\n\n\n<p style=\"font-size:8px\"><em>Fuente: ESPN.<\/em><\/p>\n<div class='share-to-whatsapp-wrapper'><div class='share-on-whsp'>Share on: <\/div><a data-text='Thibaut Courtois ampl\u00eda su contrato con el Real Madrid hasta 2026' data-link='https:\/\/portaltactica.com\/?p=50159' class='whatsapp-button whatsapp-share'>WhatsApp<\/a><div class='clear '><\/div><\/div>","protected":false},"excerpt":{"rendered":"<p>El arquero de B\u00e9lgica rubric\u00f3 un nuevo acuerdo con el club al que lleg\u00f3 en el 2018 procedente del Chelsea ingl\u00e9s&hellip;<\/p>\n","protected":false},"author":2,"featured_media":50161,"comment_status":"open","ping_status":"open","sticky":false,"template":"","format":"standard","meta":{"advanced_seo_description":"","jetpack_seo_html_title":"","jetpack_seo_noindex":false,"_jetpack_memberships_contains_paid_content":false,"footnotes":"","jetpack_publicize_message":"","jetpack_publicize_feature_enabled":true,"jetpack_social_post_already_shared":true,"jetpack_social_options":{"image_generator_settings":{"template":"highway","default_image_id":0,"font":"","enabled":false},"version":2}},"categories":[1898],"tags":[32,4718],"class_list":["post-50159","post","type-post","status-publish","format-standard","has-post-thumbnail","hentry","category-destacado-internacional","tag-real-madrid","tag-thibaut-courtois"],"jetpack_publicize_connections":[],"jetpack_featured_media_url":"https:\/\/portaltactica.com\/wp-content\/uploads\/2021\/08\/3-3.jpg","jetpack_sharing_enabled":true,"_links":{"self":[{"href":"https:\/\/portaltactica.com\/index.php?rest_route=\/wp\/v2\/posts\/50159","targetHints":{"allow":["GET"]}}],"collection":[{"href":"https:\/\/portaltactica.com\/index.php?rest_route=\/wp\/v2\/posts"}],"about":[{"href":"https:\/\/portaltactica.com\/index.php?rest_route=\/wp\/v2\/types\/post"}],"author":[{"embeddable":true,"href":"https:\/\/portaltactica.com\/index.php?rest_route=\/wp\/v2\/users\/2"}],"replies":[{"embeddable":true,"href":"https:\/\/portaltactica.com\/index.php?rest_route=%2Fwp%2Fv2%2Fcomments&post=50159"}],"version-history":[{"count":1,"href":"https:\/\/portaltactica.com\/index.php?rest_route=\/wp\/v2\/posts\/50159\/revisions"}],"predecessor-version":[{"id":50162,"href":"https:\/\/portaltactica.com\/index.php?rest_route=\/wp\/v2\/posts\/50159\/revisions\/50162"}],"wp:featuredmedia":[{"embeddable":true,"href":"https:\/\/portaltactica.com\/index.php?rest_route=\/wp\/v2\/media\/50161"}],"wp:attachment":[{"href":"https:\/\/portaltactica.com\/index.php?rest_route=%2Fwp%2Fv2%2Fmedia&parent=50159"}],"wp:term":[{"taxonomy":"category","embeddable":true,"href":"https:\/\/portaltactica.com\/index.php?rest_route=%2Fwp%2Fv2%2Fcategories&post=50159"},{"taxonomy":"post_tag","embeddable":true,"href":"https:\/\/portaltactica.com\/index.php?rest_route=%2Fwp%2Fv2%2Ftags&post=50159"}],"curies":[{"name":"wp","href":"https:\/\/api.w.org\/{rel}","templated":true}]}}