{"id":50022,"date":"2021-08-10T16:42:32","date_gmt":"2021-08-10T22:42:32","guid":{"rendered":"https:\/\/portaltactica.com\/?p=50022"},"modified":"2021-08-10T16:42:35","modified_gmt":"2021-08-10T22:42:35","slug":"venados-de-mazatlan-presenta-a-convocados-para-la-pretemporada","status":"publish","type":"post","link":"https:\/\/portaltactica.com\/?p=50022","title":{"rendered":"Venados de Mazatl\u00e1n presenta a convocados para la pretemporada"},"content":{"rendered":"\n<p>Con una total de 16 jugadores locales y 38 de otros estados, Venados de Mazatl\u00e1n iniciar\u00e1 su pretemporada este 5 de septiembre, rumbo al arranque de la Liga ARCO Mexicana del Pac\u00edfico 2021-2022.<\/p>\n\n\n\n<p>Jes\u00fas \u201cChino\u201d Valdez, gerente deportivo de los rojos, dio a conocer la lista de 72 convocados para el inicio de la pretemporada, la cual incluye jugadores y cuerpo t\u00e9cnico.<\/p>\n\n\n\n<figure class=\"wp-block-image\"><img decoding=\"async\" src=\"https:\/\/www.venados.com\/wp-content\/uploads\/2021\/08\/Pretemporada-20-21-002-1-scaled.jpg\" alt=\"\" class=\"wp-image-14225\"\/><\/figure>\n\n\n\n<p>\u201cTenemos una lista amplia donde sin duda nos vamos a tomar lo mejor, en la lista tenemos a gente de mucha experiencia, pero tambi\u00e9n continuamos con esos rostros nuevos y j\u00f3venes como un trabajo a futuro.<\/p>\n\n\n\n<p>\u201cTodo el a\u00f1o se ha trabajado, hemos visto muchos j\u00f3venes, las primeras firmas son j\u00f3venes con mucho qu\u00e9 ofrecer, lo que se tom\u00f3 en draft tambi\u00e9n son j\u00f3venes para un futuro, arropados con la gente de experiencia, entonces ya con esto estamos cerrando filas para iniciar la temporada\u201d, agreg\u00f3 Valdez.<\/p>\n\n\n\n<figure class=\"wp-block-image\"><img decoding=\"async\" src=\"https:\/\/www.venados.com\/wp-content\/uploads\/2021\/08\/WhatsApp-Image-2021-08-10-at-16.06.32.jpeg\" alt=\"\" class=\"wp-image-14223\"\/><\/figure>\n\n\n\n<p>En lista de convocados figura los experimentados Ram\u00f3n R\u00edos, Ricardo Valenzuela, Carlos Mu\u00f1oz, Daniel S\u00e1nchez, Edson Garc\u00eda, entre otros, as\u00ed como j\u00f3venes promesas locales como Carlos Tirado, Jonathan Tirado y Marco Pati\u00f1o.<\/p>\n\n\n\n<p>El arranque de la pretemporada est\u00e1 programado en el Estadio Teodoro Mariscal, a partir del 5 de septiembre, y ser\u00e1 un mes despu\u00e9s, el 5 de octubre el inici\u00f3 de la LAMP, cuando Venados de Mazatl\u00e1n visite a Tomateros de Culiac\u00e1n. El 6 de octubre la fiesta del beisbol invernal dar\u00e1 inici\u00f3 en la casa de los rojos ante el representativo de la capital del estado.<\/p>\n<div class='share-to-whatsapp-wrapper'><div class='share-on-whsp'>Share on: <\/div><a data-text='Venados de Mazatl\u00e1n presenta a convocados para la pretemporada' data-link='https:\/\/portaltactica.com\/?p=50022' class='whatsapp-button whatsapp-share'>WhatsApp<\/a><div class='clear '><\/div><\/div>","protected":false},"excerpt":{"rendered":"<p>Con una total de 16 jugadores locales y 38 de otros estados, Venados de Mazatl\u00e1n iniciar\u00e1 su pretemporada este 5 de&hellip;<\/p>\n","protected":false},"author":1,"featured_media":50023,"comment_status":"open","ping_status":"open","sticky":false,"template":"","format":"standard","meta":{"advanced_seo_description":"","jetpack_seo_html_title":"","jetpack_seo_noindex":false,"_jetpack_memberships_contains_paid_content":false,"footnotes":"","jetpack_publicize_message":"","jetpack_publicize_feature_enabled":true,"jetpack_social_post_already_shared":true,"jetpack_social_options":{"image_generator_settings":{"template":"highway","default_image_id":0,"font":"","enabled":false},"version":2}},"categories":[1899,1896],"tags":[215,2944],"class_list":["post-50022","post","type-post","status-publish","format-standard","has-post-thumbnail","hentry","category-destacado-mazatlan","category-destacado-portada","tag-lmp","tag-venados-de-mazatlan"],"jetpack_publicize_connections":[],"jetpack_featured_media_url":"https:\/\/portaltactica.com\/wp-content\/uploads\/2021\/08\/lista-de-invitados.jpeg","jetpack_sharing_enabled":true,"_links":{"self":[{"href":"https:\/\/portaltactica.com\/index.php?rest_route=\/wp\/v2\/posts\/50022","targetHints":{"allow":["GET"]}}],"collection":[{"href":"https:\/\/portaltactica.com\/index.php?rest_route=\/wp\/v2\/posts"}],"about":[{"href":"https:\/\/portaltactica.com\/index.php?rest_route=\/wp\/v2\/types\/post"}],"author":[{"embeddable":true,"href":"https:\/\/portaltactica.com\/index.php?rest_route=\/wp\/v2\/users\/1"}],"replies":[{"embeddable":true,"href":"https:\/\/portaltactica.com\/index.php?rest_route=%2Fwp%2Fv2%2Fcomments&post=50022"}],"version-history":[{"count":1,"href":"https:\/\/portaltactica.com\/index.php?rest_route=\/wp\/v2\/posts\/50022\/revisions"}],"predecessor-version":[{"id":50024,"href":"https:\/\/portaltactica.com\/index.php?rest_route=\/wp\/v2\/posts\/50022\/revisions\/50024"}],"wp:featuredmedia":[{"embeddable":true,"href":"https:\/\/portaltactica.com\/index.php?rest_route=\/wp\/v2\/media\/50023"}],"wp:attachment":[{"href":"https:\/\/portaltactica.com\/index.php?rest_route=%2Fwp%2Fv2%2Fmedia&parent=50022"}],"wp:term":[{"taxonomy":"category","embeddable":true,"href":"https:\/\/portaltactica.com\/index.php?rest_route=%2Fwp%2Fv2%2Fcategories&post=50022"},{"taxonomy":"post_tag","embeddable":true,"href":"https:\/\/portaltactica.com\/index.php?rest_route=%2Fwp%2Fv2%2Ftags&post=50022"}],"curies":[{"name":"wp","href":"https:\/\/api.w.org\/{rel}","templated":true}]}}