{"id":50012,"date":"2021-08-10T11:22:17","date_gmt":"2021-08-10T17:22:17","guid":{"rendered":"https:\/\/portaltactica.com\/?p=50012"},"modified":"2021-08-10T11:22:22","modified_gmt":"2021-08-10T17:22:22","slug":"el-real-madrid-se-va-a-los-tribunales-iniciara-accion-legal-contra-representantes-de-la-liga-espanola","status":"publish","type":"post","link":"https:\/\/portaltactica.com\/?p=50012","title":{"rendered":"El Real Madrid se va a los tribunales, iniciar\u00e1 acci\u00f3n legal contra representantes de La Liga espa\u00f1ola"},"content":{"rendered":"\n<p>Real Madrid iniciar\u00e1 una acci\u00f3n legal contra Javier Tebas, presidente de La Liga espa\u00f1ola de f\u00fatbol, por un acuerdo multimillonario con un fondo de inversiones, seg\u00fan inform\u00f3 el club. La entidad merengue anunci\u00f3 que su junta directiva aprob\u00f3 un\u00e1nimemente \u201cejecutar acciones legales tanto civiles como penales contra el presidente de LaLiga, don Javier Tebas Medrano, contra don Javier de Jaime Guijarro responsable del Fondo CVC y contra el propio Fondo CVC Capital Partners\u201d.<\/p>\n\n\n\n<p>La instituci\u00f3n mencion\u00f3 que \u201cllevar a cabo las acciones legales de todo tipo que se entiendan oportunas para anular y dejar sin efecto los posibles acuerdos que adopte la Asamblea de LaLiga, a celebrar el pr\u00f3ximo 12 de agosto de 2021\u201d, para votar sobre la aprobaci\u00f3n del acuerdo.<\/p>\n\n\n\n<p>La mayor\u00eda de los 42 clubes en la 1ra y la 2da divisi\u00f3n de Espa\u00f1a deben aprobar el acuerdo, que pudiera proveer 2.700 millones de euros (3.200 millones de d\u00f3lares) para fortalecer las finanzas de los clubs y ayudar a la liga a crecer y contrarrestar el dominio global de la Premier League inglesa. La Liga espera que la mayor\u00eda de los cubes aprueben el acuerdo, pero el Madrid y Barcelona han expresado su oposici\u00f3n, diciendo que aunque el mismo inyectar\u00eda un importante influjo de efectivo en los pr\u00f3ximos tres a\u00f1os, perjudicar\u00eda los derechos televisivos de los clubes a largo plazo.<\/p>\n\n\n\n<p>El presidente del Barcelona, Joan Laporta, declar\u00f3 recientemente que el club tomar\u00eda medidas legales contra el acuerdo si es aprobado por la asamblea de clubes. Dijo que este v\u00ednculo no pod\u00eda atar al club a un acuerdo de 50 a\u00f1os que eventualmente pudiera resultar perjudicial. La junta ejecutiva de La Liga ya aprob\u00f3 el acuerdo por unanimidad y hoy mismo se reiter\u00f3 en una declaraci\u00f3n que la misma CVC tiene el respaldo legal necesario para el acuerdo. A su vez, acus\u00f3 a Real Madrid de amenazar a otros equipos con m\u00e9todos coercitivos.<\/p>\n\n\n\n<p>\u201cEl m\u00e9todo amenazante que desde hace a\u00f1os utiliza Florentino P\u00e9rez (presidente del Real Madrid) en privado lo traslada ahora a lo p\u00fablico. Clubes e instituciones llevamos a\u00f1os soportando sus amenazas. Desde 2015 contra la venta centralizada, las impugnaciones constantes de acuerdos, la Superliga&#8230;,\u201d expres\u00f3 Tebas en la red social Twitter.<\/p>\n\n\n\n<p>El Madrid ha chocado frecuentemente con La Liga espa\u00f1ola desde que Tebas estableci\u00f3 en el 2015 la venta colectiva de derechos televisivos, haciendo que el Madrid y Barcelona compartan una porci\u00f3n mayor de sus ingresos. La Liga dijo que los madrile\u00f1os han tomado varias acciones legales contra la instituci\u00f3n desde entonces y ha perdido la mayor\u00eda.<\/p>\n\n\n\n<p>Bajo el acuerdo, los clubes recibir\u00e1n 90% de los fondos, con 70% dirigido a inversiones estructurales a largo plazo. Parte del dinero ser\u00e1 usado para el pago de viejas deudas y el incremento de los l\u00edmites de gastos en jugadores y entrenadores. La suma que cada club recibir\u00e1 se basar\u00e1 en los ingresos promedio por derechos audiovisuales en los \u00faltimos 7 a\u00f1os, desde que la liga comenz\u00f3 a vender los derechos colectivamente. Los fondos ser\u00edan distribuidos en un per\u00edodo de tres a\u00f1os, pero se esperaba que ayudasen inmediatamente a los clubes, afectados financieramente por inmediatamente por la pandemia de coronavirus.<\/p>\n\n\n\n<p>\u201cLa Junta Directiva del Real Madrid C. F., reunida en el d\u00eda de hoy a las 11:00 h, ha acordado por unanimidad ejecutar acciones legales tanto civiles como penales contra el presidente de LaLiga, don Javier Tebas Medrano, contra don Javier de Jaime Guijarro responsable del Fondo CVC y contra el propio Fondo CVC Capital Partners SICAV-FIS.<\/p>\n\n\n\n<p>Asimismo la Junta Directiva tambi\u00e9n ha decidido llevar a cabo las acciones legales de todo tipo que se entiendan oportunas para anular y dejar sin efecto los posibles acuerdos que adopte la Asamblea de LaLiga, a celebrar el pr\u00f3ximo 12 de agosto de 2021, respecto al convenio entre LaLiga y el Fondo CVC\u201d.<\/p>\n<div class='share-to-whatsapp-wrapper'><div class='share-on-whsp'>Share on: <\/div><a data-text='El Real Madrid se va a los tribunales, iniciar\u00e1 acci\u00f3n legal contra representantes de La Liga espa\u00f1ola' data-link='https:\/\/portaltactica.com\/?p=50012' class='whatsapp-button whatsapp-share'>WhatsApp<\/a><div class='clear '><\/div><\/div>","protected":false},"excerpt":{"rendered":"<p>Real Madrid iniciar\u00e1 una acci\u00f3n legal contra Javier Tebas, presidente de La Liga espa\u00f1ola de f\u00fatbol, por un acuerdo multimillonario con&hellip;<\/p>\n","protected":false},"author":1,"featured_media":50013,"comment_status":"open","ping_status":"open","sticky":false,"template":"","format":"standard","meta":{"advanced_seo_description":"","jetpack_seo_html_title":"","jetpack_seo_noindex":false,"_jetpack_memberships_contains_paid_content":false,"footnotes":"","jetpack_publicize_message":"","jetpack_publicize_feature_enabled":true,"jetpack_social_post_already_shared":true,"jetpack_social_options":{"image_generator_settings":{"template":"highway","default_image_id":0,"font":"","enabled":false},"version":2}},"categories":[1898],"tags":[3365,32],"class_list":["post-50012","post","type-post","status-publish","format-standard","has-post-thumbnail","hentry","category-destacado-internacional","tag-laliga","tag-real-madrid"],"jetpack_publicize_connections":[],"jetpack_featured_media_url":"https:\/\/portaltactica.com\/wp-content\/uploads\/2021\/08\/tebas.jpg","jetpack_sharing_enabled":true,"_links":{"self":[{"href":"https:\/\/portaltactica.com\/index.php?rest_route=\/wp\/v2\/posts\/50012","targetHints":{"allow":["GET"]}}],"collection":[{"href":"https:\/\/portaltactica.com\/index.php?rest_route=\/wp\/v2\/posts"}],"about":[{"href":"https:\/\/portaltactica.com\/index.php?rest_route=\/wp\/v2\/types\/post"}],"author":[{"embeddable":true,"href":"https:\/\/portaltactica.com\/index.php?rest_route=\/wp\/v2\/users\/1"}],"replies":[{"embeddable":true,"href":"https:\/\/portaltactica.com\/index.php?rest_route=%2Fwp%2Fv2%2Fcomments&post=50012"}],"version-history":[{"count":1,"href":"https:\/\/portaltactica.com\/index.php?rest_route=\/wp\/v2\/posts\/50012\/revisions"}],"predecessor-version":[{"id":50014,"href":"https:\/\/portaltactica.com\/index.php?rest_route=\/wp\/v2\/posts\/50012\/revisions\/50014"}],"wp:featuredmedia":[{"embeddable":true,"href":"https:\/\/portaltactica.com\/index.php?rest_route=\/wp\/v2\/media\/50013"}],"wp:attachment":[{"href":"https:\/\/portaltactica.com\/index.php?rest_route=%2Fwp%2Fv2%2Fmedia&parent=50012"}],"wp:term":[{"taxonomy":"category","embeddable":true,"href":"https:\/\/portaltactica.com\/index.php?rest_route=%2Fwp%2Fv2%2Fcategories&post=50012"},{"taxonomy":"post_tag","embeddable":true,"href":"https:\/\/portaltactica.com\/index.php?rest_route=%2Fwp%2Fv2%2Ftags&post=50012"}],"curies":[{"name":"wp","href":"https:\/\/api.w.org\/{rel}","templated":true}]}}