{"id":49827,"date":"2021-08-03T11:47:20","date_gmt":"2021-08-03T17:47:20","guid":{"rendered":"https:\/\/portaltactica.com\/?p=49827"},"modified":"2021-08-03T11:47:25","modified_gmt":"2021-08-03T17:47:25","slug":"de-gran-sentido-humano-considera-rocha-decreto-para-liberacion-de-reos-en-condiciones-especificas","status":"publish","type":"post","link":"https:\/\/portaltactica.com\/?p=49827","title":{"rendered":"De gran sentido humano considera Rocha decreto para liberaci\u00f3n de reos en condiciones especificas"},"content":{"rendered":"\n<p class=\"has-medium-font-size\"><strong>\u2022 Rocha Moya expres\u00f3 su acuerdo con este decreto, cuyo sentido humanitario cumplir\u00eda con lo establecido en la Constituci\u00f3n.<\/strong><\/p>\n\n\n\n<p class=\"has-medium-font-size\"><strong>\u2022 Adem\u00e1s, dijo que contribuir\u00eda a despoblar algunos centros penitenciarios.<\/strong><\/p>\n\n\n\n<p>Culiac\u00e1n, Sinaloa, martes 3 de agosto de 2021. \u2013 El gobernador electo de Sinaloa Rub\u00e9n Rocha Moya, dijo que el decreto propuesto por el presidente de la Rep\u00fablica, Andr\u00e9s Manuel L\u00f3pez Obrador, en el que se le otorgar\u00eda la libertad a las personas ingresadas en penales que no hayan cometido delitos graves, pero que tienen 10 a\u00f1os recluidos sin sentencia, o en el caso de adultos mayores en ciertas condiciones &#8220;tiene un gran sentido humanitario&#8221;.<\/p>\n\n\n\n<p>En entrevista con un medio nacional, el gobernador electo de Sinaloa, Rub\u00e9n Rocha Moya, destac\u00f3 que este decreto que a\u00fan est\u00e1 en fase de propuesta tiene tres elementos centrales: uno es el tema de los procesados a quienes no les han dictado sentencia y tienen m\u00e1s de 10 a\u00f1os en prisi\u00f3n, &#8220;pero de acuerdo con la Constituci\u00f3n art\u00edculo 20, apartado B &#8211; dijo- ning\u00fan procesado puede estar en prisi\u00f3n preventiva m\u00e1s de 2 a\u00f1os entonces, ese es un elemento constitucional que se debe tener en cuenta, y que seguramente atenderlo, es lo busca el presidente\u201d.<\/p>\n\n\n\n<p>Agreg\u00f3 que un segundo elemento \u201ctiene que ver con el sentido humanitario, el cual prev\u00e9 la Ley Nacional de Ejecuciones Penales en su Art\u00edculo 146, que dice que la autoridad penitenciaria que depende del Ejecutivo, podr\u00e1 liberar de manera anticipada a uno o un grupo de presos siempre y cuando sean adultos mayores de 75 a\u00f1os en ciertas condiciones, y finalmente el tercero se refiere o poder liberar a mayores de 65 que padezcan enfermedades cr\u00f3nico degenerativas&#8221;. Cabe recordar, que todo ello, siempre que no sean considerados reos peligrosos.<\/p>\n\n\n\n<p>El pr\u00f3ximo gobernador Sinaloa destac\u00f3 que tomando en cuenta lo anterior, el decreto posee un criterio sumamente importante: \u201cno podr\u00e1n ser liberados reos peligrosos\u201d, es decir s\u00f3lo quienes est\u00e9n por causas menores, y habr\u00e1 que revisar cada caso porque, por ejemplo, la Ley establece que nadie que haya cometido alg\u00fan delito patrimonial menor puede ser liberado, en caso de que lo haya hecho con el uso de la fuerza o con violencia.<\/p>\n\n\n\n<p>Rocha Moya consider\u00f3 que a\u00fan habr\u00eda una serie de criterios que deben regular el texto del decreto propuesto por el presidente, y al cual se suma por considerarlo un tema muy importante para impartici\u00f3n de justicia en M\u00e9xico.<\/p>\n\n\n\n<p>\u201cEn este se debe establecer la coordinaci\u00f3n con los poderes; con el Judicial particularmente para efectos de que se aplique esta Ley, ya que el Poder Judicial lamentablemente no ha ido al fondo de los casos, y no ir al fondo supone hacer que el inculpado est\u00e9 esperando una sentencia que nunca llega, pero s\u00ed en cambio en los hechos, est\u00e1 pagando una pena que no se le ha dictaminado como certera\u201d.<\/p>\n<div class='share-to-whatsapp-wrapper'><div class='share-on-whsp'>Share on: <\/div><a data-text='De gran sentido humano considera Rocha decreto para liberaci\u00f3n de reos en condiciones especificas' data-link='https:\/\/portaltactica.com\/?p=49827' class='whatsapp-button whatsapp-share'>WhatsApp<\/a><div class='clear '><\/div><\/div>","protected":false},"excerpt":{"rendered":"<p>\u2022 Rocha Moya expres\u00f3 su acuerdo con este decreto, cuyo sentido humanitario cumplir\u00eda con lo establecido en la Constituci\u00f3n. \u2022 Adem\u00e1s,&hellip;<\/p>\n","protected":false},"author":1,"featured_media":49828,"comment_status":"open","ping_status":"open","sticky":false,"template":"","format":"standard","meta":{"advanced_seo_description":"","jetpack_seo_html_title":"","jetpack_seo_noindex":false,"_jetpack_memberships_contains_paid_content":false,"footnotes":"","jetpack_publicize_message":"","jetpack_publicize_feature_enabled":true,"jetpack_social_post_already_shared":true,"jetpack_social_options":{"image_generator_settings":{"template":"highway","default_image_id":0,"font":"","enabled":false},"version":2}},"categories":[949],"tags":[484,1653],"class_list":["post-49827","post","type-post","status-publish","format-standard","has-post-thumbnail","hentry","category-destacado-mi-sinaloa","tag-gobierno-del-estado-de-sinaloa","tag-ruben-rocha-moya"],"jetpack_publicize_connections":[],"jetpack_featured_media_url":"https:\/\/portaltactica.com\/wp-content\/uploads\/2021\/08\/WhatsApp-Image-2021-08-03-at-11.36.51-AM.jpeg","jetpack_sharing_enabled":true,"_links":{"self":[{"href":"https:\/\/portaltactica.com\/index.php?rest_route=\/wp\/v2\/posts\/49827","targetHints":{"allow":["GET"]}}],"collection":[{"href":"https:\/\/portaltactica.com\/index.php?rest_route=\/wp\/v2\/posts"}],"about":[{"href":"https:\/\/portaltactica.com\/index.php?rest_route=\/wp\/v2\/types\/post"}],"author":[{"embeddable":true,"href":"https:\/\/portaltactica.com\/index.php?rest_route=\/wp\/v2\/users\/1"}],"replies":[{"embeddable":true,"href":"https:\/\/portaltactica.com\/index.php?rest_route=%2Fwp%2Fv2%2Fcomments&post=49827"}],"version-history":[{"count":1,"href":"https:\/\/portaltactica.com\/index.php?rest_route=\/wp\/v2\/posts\/49827\/revisions"}],"predecessor-version":[{"id":49829,"href":"https:\/\/portaltactica.com\/index.php?rest_route=\/wp\/v2\/posts\/49827\/revisions\/49829"}],"wp:featuredmedia":[{"embeddable":true,"href":"https:\/\/portaltactica.com\/index.php?rest_route=\/wp\/v2\/media\/49828"}],"wp:attachment":[{"href":"https:\/\/portaltactica.com\/index.php?rest_route=%2Fwp%2Fv2%2Fmedia&parent=49827"}],"wp:term":[{"taxonomy":"category","embeddable":true,"href":"https:\/\/portaltactica.com\/index.php?rest_route=%2Fwp%2Fv2%2Fcategories&post=49827"},{"taxonomy":"post_tag","embeddable":true,"href":"https:\/\/portaltactica.com\/index.php?rest_route=%2Fwp%2Fv2%2Ftags&post=49827"}],"curies":[{"name":"wp","href":"https:\/\/api.w.org\/{rel}","templated":true}]}}