{"id":49579,"date":"2021-07-23T11:04:42","date_gmt":"2021-07-23T17:04:42","guid":{"rendered":"https:\/\/portaltactica.com\/?p=49579"},"modified":"2021-07-23T11:04:49","modified_gmt":"2021-07-23T17:04:49","slug":"karim-benzema-da-positivo-a-covid-19","status":"publish","type":"post","link":"https:\/\/portaltactica.com\/?p=49579","title":{"rendered":"Karim Benzema da positivo a COVID-19"},"content":{"rendered":"\n<p>El&nbsp;<strong>Real Madrid anunci\u00f3 que Karim Benzema dio positivo en la prueba de COVID-19,<\/strong>&nbsp;de modo que el delantero franc\u00e9s tendr\u00e1 que&nbsp;<strong>guardar cuarentena antes de poder reincorporarse al trabajo<\/strong>&nbsp;con el equipo blanco.<\/p>\n\n\n\n<p>El punta galo dio positivo en el test para salir de Lyon y permanecer\u00e1 all\u00ed hasta que d\u00e9 negativo.<\/p>\n\n\n\n<p><strong>Benzema apuraba sus vacaciones<\/strong>&nbsp;tras haber disputado la Eurocopa con Francia, selecci\u00f3n con la que cay\u00f3&nbsp;<strong>eliminado en octavos de final tras la tanda de penaltis ante Suiza.<\/strong><\/p>\n\n\n\n<p>En el comunicado del Real Madrid&nbsp;<strong>no se da ning\u00fan detalle del estado del jugador,<\/strong>&nbsp;es decir, si presenta alg\u00fan s\u00edntoma causado por el virus o, por el contrario, es asintom\u00e1tico.<\/p>\n\n\n\n<p>El contagio de Benzema&nbsp;<strong>se suma a los sufridos la temporada pasada<\/strong>&nbsp;en la plantilla por jugadores como el alem\u00e1n&nbsp;<strong>Toni Kroos, Militao, Casemiro, Eden Hazard, Luka Jovic, Nacho Fern\u00e1ndez, Raphael Varane, Sergio Ramos y Fede Valverde.<\/strong><\/p>\n\n\n\n<p>Tambi\u00e9n sufrieron el virus el t\u00e9cnico&nbsp;<strong>Zinedine Zidane<\/strong>&nbsp;y el presidente del club,&nbsp;<strong>Florentino P\u00e9rez.<\/strong><\/p>\n\n\n\n<p>Por otro lado, este viernes 23 de julio han regresado tres jugadores al trabajo en las instalaciones de Valdebebas con el Real Madrid. Bale, tras su cesi\u00f3n al Tottenham, Varane, pendiente de si sigue en el Real Madrid o ficha por el Manchester United, y\u00a0<strong>Toni Kroos.<\/strong><\/p>\n\n\n\n<p><\/p>\n\n\n\n<p style=\"font-size:8px\"><em>Fuente: Marca.<\/em><\/p>\n<div class='share-to-whatsapp-wrapper'><div class='share-on-whsp'>Share on: <\/div><a data-text='Karim Benzema da positivo a COVID-19' data-link='https:\/\/portaltactica.com\/?p=49579' class='whatsapp-button whatsapp-share'>WhatsApp<\/a><div class='clear '><\/div><\/div>","protected":false},"excerpt":{"rendered":"<p>El&nbsp;Real Madrid anunci\u00f3 que Karim Benzema dio positivo en la prueba de COVID-19,&nbsp;de modo que el delantero franc\u00e9s tendr\u00e1 que&nbsp;guardar cuarentena&hellip;<\/p>\n","protected":false},"author":2,"featured_media":49580,"comment_status":"open","ping_status":"open","sticky":false,"template":"","format":"standard","meta":{"advanced_seo_description":"","jetpack_seo_html_title":"","jetpack_seo_noindex":false,"_jetpack_memberships_contains_paid_content":false,"footnotes":"","jetpack_publicize_message":"","jetpack_publicize_feature_enabled":true,"jetpack_social_post_already_shared":true,"jetpack_social_options":{"image_generator_settings":{"template":"highway","default_image_id":0,"font":"","enabled":false},"version":2}},"categories":[6],"tags":[3429,3117],"class_list":["post-49579","post","type-post","status-publish","format-standard","has-post-thumbnail","hentry","category-internacional","tag-covid-19","tag-karim-benzema"],"jetpack_publicize_connections":[],"jetpack_featured_media_url":"https:\/\/portaltactica.com\/wp-content\/uploads\/2021\/07\/3-5.jpg","jetpack_sharing_enabled":true,"_links":{"self":[{"href":"https:\/\/portaltactica.com\/index.php?rest_route=\/wp\/v2\/posts\/49579","targetHints":{"allow":["GET"]}}],"collection":[{"href":"https:\/\/portaltactica.com\/index.php?rest_route=\/wp\/v2\/posts"}],"about":[{"href":"https:\/\/portaltactica.com\/index.php?rest_route=\/wp\/v2\/types\/post"}],"author":[{"embeddable":true,"href":"https:\/\/portaltactica.com\/index.php?rest_route=\/wp\/v2\/users\/2"}],"replies":[{"embeddable":true,"href":"https:\/\/portaltactica.com\/index.php?rest_route=%2Fwp%2Fv2%2Fcomments&post=49579"}],"version-history":[{"count":1,"href":"https:\/\/portaltactica.com\/index.php?rest_route=\/wp\/v2\/posts\/49579\/revisions"}],"predecessor-version":[{"id":49581,"href":"https:\/\/portaltactica.com\/index.php?rest_route=\/wp\/v2\/posts\/49579\/revisions\/49581"}],"wp:featuredmedia":[{"embeddable":true,"href":"https:\/\/portaltactica.com\/index.php?rest_route=\/wp\/v2\/media\/49580"}],"wp:attachment":[{"href":"https:\/\/portaltactica.com\/index.php?rest_route=%2Fwp%2Fv2%2Fmedia&parent=49579"}],"wp:term":[{"taxonomy":"category","embeddable":true,"href":"https:\/\/portaltactica.com\/index.php?rest_route=%2Fwp%2Fv2%2Fcategories&post=49579"},{"taxonomy":"post_tag","embeddable":true,"href":"https:\/\/portaltactica.com\/index.php?rest_route=%2Fwp%2Fv2%2Ftags&post=49579"}],"curies":[{"name":"wp","href":"https:\/\/api.w.org\/{rel}","templated":true}]}}