{"id":49549,"date":"2021-07-22T08:40:54","date_gmt":"2021-07-22T14:40:54","guid":{"rendered":"https:\/\/portaltactica.com\/?p=49549"},"modified":"2021-07-22T08:41:11","modified_gmt":"2021-07-22T14:41:11","slug":"presidente-la-liga-mx-confirma-ser-positivo-a-covid","status":"publish","type":"post","link":"https:\/\/portaltactica.com\/?p=49549","title":{"rendered":"Presidente de la Liga MX confirma ser positivo a Covid"},"content":{"rendered":"\n<p>Mikel Arriola, presidente de la Liga MX, confirm\u00f3 a trav\u00e9s de sus redes sociales que ha dado positivo a COVID-19 luego de someterse a una de las pruebas de rutina y deber\u00e1 mantenerse en aislamiento en su domicilio.<\/p>\n\n\n\n<p>\u201cMuy buenos d\u00edas. Ayer por la tarde me hice la prueba de rutina PCR, Covid-19, y hoy por la ma\u00f1ana me lleg\u00f3 el resultado positivo\u201d, escribi\u00f3 Arriola en su cuenta de Twitter, donde confirm\u00f3 su contagio de SARS-CoV-2.<\/p>\n\n\n\n<p>El dirigente se\u00f1al\u00f3 que es asintom\u00e1tico y atender\u00e1 las recomendaciones de las autoridades al mantenerse aislado en su domicilio mientras supera la enfermedad y puede volver a su rutina normal en los siguientes d\u00edas.<\/p>\n\n\n\n<p>El mandatario del futbol mexicano se\u00f1al\u00f3 que pese a esta situaci\u00f3n, se mantendr\u00e1 pendiente de sus actividades a la distancia a parir de hoy cuando inicia el torneo Apertura 2021 con el partido entre Quer\u00e9taro y Am\u00e9rica en el Corregidora.<\/p>\n\n\n\n<p>Tras confirmarse la noticia, aficionados y comunicadores le desearon una pronta recuperaci\u00f3n luego de sumarse a la estad\u00edstica de contagios, la cual alcanz\u00f3 los 15,198 casos en las \u00faltimas 24 este mi\u00e9rcoles 21 de julio, siendo la cifra m\u00e1s alta hasta ahora de la tercera ola.<\/p>\n\n\n\n<p>Mikel Arriola, quien fue director del IMSS en el sexenio de Enrique Pe\u00f1a Nieto y candidato a Jefe de Gobierno de la Ciudad de M\u00e9xico en 2018 por el PRI, asumi\u00f3 la presidencia de la Liga MX a inicios de a\u00f1o en sustituci\u00f3n de Enrique Bonilla.<\/p>\n\n\n\n<figure class=\"wp-block-embed is-type-rich is-provider-twitter wp-block-embed-twitter\"><div class=\"wp-block-embed__wrapper\">\n<blockquote class=\"twitter-tweet\" data-width=\"550\" data-dnt=\"true\"><p lang=\"es\" dir=\"ltr\">Muy buenos d\u00edas. Ayer por la tarde me hice la prueba de rutina PCR, Covid-19, y hoy por la ma\u00f1ana me lleg\u00f3 el resultado positivo. Estoy asintom\u00e1tico y me mantendr\u00e9 aislado en casa atendiendo mi agenda de trabajo. Saludos a todo@s<\/p>&mdash; Mikel Arriola (@MikelArriolaP) <a href=\"https:\/\/twitter.com\/MikelArriolaP\/status\/1418184549356425218?ref_src=twsrc%5Etfw\">July 22, 2021<\/a><\/blockquote><script async src=\"https:\/\/platform.twitter.com\/widgets.js\" charset=\"utf-8\"><\/script>\n<\/div><\/figure>\n<div class='share-to-whatsapp-wrapper'><div class='share-on-whsp'>Share on: <\/div><a data-text='Presidente de la Liga MX confirma ser positivo a Covid' data-link='https:\/\/portaltactica.com\/?p=49549' class='whatsapp-button whatsapp-share'>WhatsApp<\/a><div class='clear '><\/div><\/div>","protected":false},"excerpt":{"rendered":"<p>Mikel Arriola, presidente de la Liga MX, confirm\u00f3 a trav\u00e9s de sus redes sociales que ha dado positivo a COVID-19 luego&hellip;<\/p>\n","protected":false},"author":1,"featured_media":49550,"comment_status":"open","ping_status":"open","sticky":false,"template":"","format":"standard","meta":{"advanced_seo_description":"","jetpack_seo_html_title":"","jetpack_seo_noindex":false,"_jetpack_memberships_contains_paid_content":false,"footnotes":"","jetpack_publicize_message":"","jetpack_publicize_feature_enabled":true,"jetpack_social_post_already_shared":true,"jetpack_social_options":{"image_generator_settings":{"template":"highway","default_image_id":0,"font":"","enabled":false},"version":2}},"categories":[1896,7],"tags":[156,4289],"class_list":["post-49549","post","type-post","status-publish","format-standard","has-post-thumbnail","hentry","category-destacado-portada","category-nacional","tag-liga-mx","tag-mikel-arriola"],"jetpack_publicize_connections":[],"jetpack_featured_media_url":"https:\/\/portaltactica.com\/wp-content\/uploads\/2021\/07\/arriola.jpg","jetpack_sharing_enabled":true,"_links":{"self":[{"href":"https:\/\/portaltactica.com\/index.php?rest_route=\/wp\/v2\/posts\/49549","targetHints":{"allow":["GET"]}}],"collection":[{"href":"https:\/\/portaltactica.com\/index.php?rest_route=\/wp\/v2\/posts"}],"about":[{"href":"https:\/\/portaltactica.com\/index.php?rest_route=\/wp\/v2\/types\/post"}],"author":[{"embeddable":true,"href":"https:\/\/portaltactica.com\/index.php?rest_route=\/wp\/v2\/users\/1"}],"replies":[{"embeddable":true,"href":"https:\/\/portaltactica.com\/index.php?rest_route=%2Fwp%2Fv2%2Fcomments&post=49549"}],"version-history":[{"count":2,"href":"https:\/\/portaltactica.com\/index.php?rest_route=\/wp\/v2\/posts\/49549\/revisions"}],"predecessor-version":[{"id":49552,"href":"https:\/\/portaltactica.com\/index.php?rest_route=\/wp\/v2\/posts\/49549\/revisions\/49552"}],"wp:featuredmedia":[{"embeddable":true,"href":"https:\/\/portaltactica.com\/index.php?rest_route=\/wp\/v2\/media\/49550"}],"wp:attachment":[{"href":"https:\/\/portaltactica.com\/index.php?rest_route=%2Fwp%2Fv2%2Fmedia&parent=49549"}],"wp:term":[{"taxonomy":"category","embeddable":true,"href":"https:\/\/portaltactica.com\/index.php?rest_route=%2Fwp%2Fv2%2Fcategories&post=49549"},{"taxonomy":"post_tag","embeddable":true,"href":"https:\/\/portaltactica.com\/index.php?rest_route=%2Fwp%2Fv2%2Ftags&post=49549"}],"curies":[{"name":"wp","href":"https:\/\/api.w.org\/{rel}","templated":true}]}}