{"id":48415,"date":"2021-06-11T10:17:38","date_gmt":"2021-06-11T16:17:38","guid":{"rendered":"https:\/\/portaltactica.com\/?p=48415"},"modified":"2021-06-11T10:17:50","modified_gmt":"2021-06-11T16:17:50","slug":"tribunal-en-brasil-autoriza-que-la-copa-america-se-lleve-a-cabo","status":"publish","type":"post","link":"https:\/\/portaltactica.com\/?p=48415","title":{"rendered":"Tribunal en Brasil autoriza que la Copa Am\u00e9rica se lleve a cabo"},"content":{"rendered":"\n<p>La Copa Am\u00e9rica, que comenzar\u00e1 el domingo, puede seguir adelante en Brasil, seg\u00fan ha decidido el Tribunal Supremo del pa\u00eds.<\/p>\n\n\n\n<p>Los jueces celebraron una sesi\u00f3n de urgencia el jueves para estudiar las solicitudes de suspensi\u00f3n de la competici\u00f3n a causa de la pandemia de coronavirus.<\/p>\n\n\n\n<p>Se argument\u00f3 que la celebraci\u00f3n del torneo pondr\u00eda en peligro la vida de miles de personas.<\/p>\n\n\n\n<p>Los jueces dijeron que la Constituci\u00f3n brasile\u00f1a no daba al tribunal el poder de bloquearlo.<\/p>\n\n\n\n<p>Pero dijeron que los gobernadores de los estados y los alcaldes de las ciudades deber\u00edan hacer m\u00e1s para garantizar que se respetan los &#8220;protocolos sanitarios adecuados&#8221;.<\/p>\n\n\n\n<p>Tambi\u00e9n expresaron su consternaci\u00f3n por la decisi\u00f3n de \u00faltima hora del presidente Jair Bolsonaro de organizar el torneo, que se celebrar\u00e1 sin aficionados en los estadios.<\/p>\n\n\n\n<p>Los equipos se enfrentan a pruebas obligatorias cada 48 horas. Sus movimientos ser\u00e1n restringidos y viajar\u00e1n a las ciudades anfitrionas a bordo de vuelos fletados.<\/p>\n\n\n\n<p>El torneo, aplazado desde 2020 por la pandemia de coronavirus, iba a celebrarse originalmente en Colombia y Argentina.<\/p>\n\n\n\n<p>Sin embargo, el 20 de mayo se retir\u00f3 a Colombia como coanfitri\u00f3n debido a los disturbios civiles internos, y el 30 de mayo se retir\u00f3 a Argentina la condici\u00f3n de anfitri\u00f3n, alegando los organizadores la preocupaci\u00f3n por el coronavirus y las &#8220;circunstancias actuales&#8221;.<\/p>\n\n\n\n<p>A principios de esta semana, los jugadores brasile\u00f1os criticaron la decisi\u00f3n de celebrar el torneo en su pa\u00eds.<\/p>\n\n\n\n<p>Brasil ha registrado m\u00e1s de 475.000 muertes atribuidas al coronavirus, la segunda cifra m\u00e1s alta del mundo despu\u00e9s de Estados Unidos.<\/p>\n\n\n\n<p><\/p>\n\n\n\n<p style=\"font-size:8px\"><em>Fuente: BBC.<\/em><\/p>\n<div class='share-to-whatsapp-wrapper'><div class='share-on-whsp'>Share on: <\/div><a data-text='Tribunal en Brasil autoriza que la Copa Am\u00e9rica se lleve a cabo' data-link='https:\/\/portaltactica.com\/?p=48415' class='whatsapp-button whatsapp-share'>WhatsApp<\/a><div class='clear '><\/div><\/div>","protected":false},"excerpt":{"rendered":"<p>La Copa Am\u00e9rica, que comenzar\u00e1 el domingo, puede seguir adelante en Brasil, seg\u00fan ha decidido el Tribunal Supremo del pa\u00eds. Los&hellip;<\/p>\n","protected":false},"author":2,"featured_media":48416,"comment_status":"open","ping_status":"open","sticky":false,"template":"","format":"standard","meta":{"advanced_seo_description":"","jetpack_seo_html_title":"","jetpack_seo_noindex":false,"_jetpack_memberships_contains_paid_content":false,"footnotes":"","jetpack_publicize_message":"","jetpack_publicize_feature_enabled":true,"jetpack_social_post_already_shared":true,"jetpack_social_options":{"image_generator_settings":{"template":"highway","default_image_id":0,"font":"","enabled":false},"version":2}},"categories":[1896],"tags":[3977],"class_list":["post-48415","post","type-post","status-publish","format-standard","has-post-thumbnail","hentry","category-destacado-portada","tag-copa-america-2021"],"jetpack_publicize_connections":[],"jetpack_featured_media_url":"https:\/\/portaltactica.com\/wp-content\/uploads\/2021\/06\/1-7.jpg","jetpack_sharing_enabled":true,"_links":{"self":[{"href":"https:\/\/portaltactica.com\/index.php?rest_route=\/wp\/v2\/posts\/48415","targetHints":{"allow":["GET"]}}],"collection":[{"href":"https:\/\/portaltactica.com\/index.php?rest_route=\/wp\/v2\/posts"}],"about":[{"href":"https:\/\/portaltactica.com\/index.php?rest_route=\/wp\/v2\/types\/post"}],"author":[{"embeddable":true,"href":"https:\/\/portaltactica.com\/index.php?rest_route=\/wp\/v2\/users\/2"}],"replies":[{"embeddable":true,"href":"https:\/\/portaltactica.com\/index.php?rest_route=%2Fwp%2Fv2%2Fcomments&post=48415"}],"version-history":[{"count":1,"href":"https:\/\/portaltactica.com\/index.php?rest_route=\/wp\/v2\/posts\/48415\/revisions"}],"predecessor-version":[{"id":48417,"href":"https:\/\/portaltactica.com\/index.php?rest_route=\/wp\/v2\/posts\/48415\/revisions\/48417"}],"wp:featuredmedia":[{"embeddable":true,"href":"https:\/\/portaltactica.com\/index.php?rest_route=\/wp\/v2\/media\/48416"}],"wp:attachment":[{"href":"https:\/\/portaltactica.com\/index.php?rest_route=%2Fwp%2Fv2%2Fmedia&parent=48415"}],"wp:term":[{"taxonomy":"category","embeddable":true,"href":"https:\/\/portaltactica.com\/index.php?rest_route=%2Fwp%2Fv2%2Fcategories&post=48415"},{"taxonomy":"post_tag","embeddable":true,"href":"https:\/\/portaltactica.com\/index.php?rest_route=%2Fwp%2Fv2%2Ftags&post=48415"}],"curies":[{"name":"wp","href":"https:\/\/api.w.org\/{rel}","templated":true}]}}