{"id":46938,"date":"2021-04-16T13:33:34","date_gmt":"2021-04-16T19:33:34","guid":{"rendered":"https:\/\/portaltactica.com\/?p=46938"},"modified":"2021-04-16T13:33:37","modified_gmt":"2021-04-16T19:33:37","slug":"en-primeras-practicas-de-imola-checo-perez-choca-con-su-excompanero-esteban-ocon","status":"publish","type":"post","link":"https:\/\/portaltactica.com\/?p=46938","title":{"rendered":"En primeras pr\u00e1cticas de Imola, &#8220;Checo&#8221; P\u00e9rez choca con su excompa\u00f1ero Esteban Ocon"},"content":{"rendered":"\n<p>Sergio \u2018Checo\u2019 P\u00e9rez, piloto de Red Bull, consider\u00f3 que el choque con su excompa\u00f1ero Esteban Ocon durante la primera sesi\u00f3n de entrenamientos del Gran Premio de Emilia Romagna de la F1, se debi\u00f3 a una falta de comunicaci\u00f3n.<\/p>\n\n\n\n<p>\u201cNo ten\u00edamos radio, as\u00ed que creo que hubo una falta de comunicaci\u00f3n all\u00ed. Pens\u00e9 que Esteban era m\u00e1s lento y juzgu\u00e9 mal al llegar a la cima, pero \u00e9l se equivoc\u00f3 en el momento&#8221;, mencion\u00f3 el tapat\u00edo, quien tambi\u00e9n sufri\u00f3 un giro adicional en la FP1.<\/p>\n\n\n\n<p>Tras el incidente, los pilotos fueron a declarar ante los comisarios deportivos. La F\u00f3rmula Uno dio a conocer que se debi\u00f3 a que ambos perdieron la comunicaci\u00f3n por radio y no hubo que dictaminar alguna penalizaci\u00f3n.<\/p>\n\n\n\n<p>Por su parte, el franc\u00e9s calific\u00f3 el choque como \u201cdesafortunado\u201d.<\/p>\n\n\n\n<p>\u201cEs lamentable, pero hablamos de ello y los comisarios tambi\u00e9n dijeron que no era gran cosa. Lo m\u00e1s preocupante fue el da\u00f1o para los dos, pero no comprometi\u00f3 nuestras sesiones para FP2, y eso es lo m\u00e1s importante. Salimos a tiempo y los muchachos aqu\u00ed en el garaje hicieron un trabajo fant\u00e1stico&#8221;, se\u00f1al\u00f3.<\/p>\n\n\n\n<p>Ambos pilotos ya hab\u00edan vivido una serie de colisiones en pista cuando militaban en Force India.<\/p>\n\n\n\n<p>Para la segunda sesi\u00f3n de entrenamientos en Imola, \u2018Checo\u2019 P\u00e9rez finaliz\u00f3 sexto, mientras que Ocon en onceavo.<\/p>\n\n\n\n<figure class=\"wp-block-embed is-type-rich is-provider-twitter wp-block-embed-twitter\"><div class=\"wp-block-embed__wrapper\">\n<blockquote class=\"twitter-tweet\" data-width=\"550\" data-dnt=\"true\"><p lang=\"en\" dir=\"ltr\">It was an incident-packed first practice at Imola on Friday morning \ud83d\ude2e<br><br>Here are all the highlights from FP1 \ud83c\udfac<a href=\"https:\/\/twitter.com\/hashtag\/ImolaGP?src=hash&amp;ref_src=twsrc%5Etfw\">#ImolaGP<\/a> \ud83c\uddee\ud83c\uddf9 <a href=\"https:\/\/twitter.com\/hashtag\/F1?src=hash&amp;ref_src=twsrc%5Etfw\">#F1<\/a> <a href=\"https:\/\/t.co\/dOSNj3I7zE\">pic.twitter.com\/dOSNj3I7zE<\/a><\/p>&mdash; Formula 1 (@F1) <a href=\"https:\/\/twitter.com\/F1\/status\/1383027608321978369?ref_src=twsrc%5Etfw\">April 16, 2021<\/a><\/blockquote><script async src=\"https:\/\/platform.twitter.com\/widgets.js\" charset=\"utf-8\"><\/script>\n<\/div><\/figure>\n<div class='share-to-whatsapp-wrapper'><div class='share-on-whsp'>Share on: <\/div><a data-text='En primeras pr\u00e1cticas de Imola, \"Checo\" P\u00e9rez choca con su excompa\u00f1ero Esteban Ocon' data-link='https:\/\/portaltactica.com\/?p=46938' class='whatsapp-button whatsapp-share'>WhatsApp<\/a><div class='clear '><\/div><\/div>","protected":false},"excerpt":{"rendered":"<p>Sergio \u2018Checo\u2019 P\u00e9rez, piloto de Red Bull, consider\u00f3 que el choque con su excompa\u00f1ero Esteban Ocon durante la primera sesi\u00f3n de&hellip;<\/p>\n","protected":false},"author":1,"featured_media":46939,"comment_status":"open","ping_status":"open","sticky":false,"template":"","format":"standard","meta":{"advanced_seo_description":"","jetpack_seo_html_title":"","jetpack_seo_noindex":false,"_jetpack_memberships_contains_paid_content":false,"footnotes":"","jetpack_publicize_message":"","jetpack_publicize_feature_enabled":true,"jetpack_social_post_already_shared":true,"jetpack_social_options":{"image_generator_settings":{"template":"highway","default_image_id":0,"font":"","enabled":false},"version":2}},"categories":[1898,1896],"tags":[2684,4515,3444,4514,3908],"class_list":["post-46938","post","type-post","status-publish","format-standard","has-post-thumbnail","hentry","category-destacado-internacional","category-destacado-portada","tag-checo-perez","tag-esteban-ocon","tag-formula-uno","tag-imola","tag-sergio-perez-2"],"jetpack_publicize_connections":[],"jetpack_featured_media_url":"https:\/\/portaltactica.com\/wp-content\/uploads\/2021\/04\/checo.jpg","jetpack_sharing_enabled":true,"_links":{"self":[{"href":"https:\/\/portaltactica.com\/index.php?rest_route=\/wp\/v2\/posts\/46938","targetHints":{"allow":["GET"]}}],"collection":[{"href":"https:\/\/portaltactica.com\/index.php?rest_route=\/wp\/v2\/posts"}],"about":[{"href":"https:\/\/portaltactica.com\/index.php?rest_route=\/wp\/v2\/types\/post"}],"author":[{"embeddable":true,"href":"https:\/\/portaltactica.com\/index.php?rest_route=\/wp\/v2\/users\/1"}],"replies":[{"embeddable":true,"href":"https:\/\/portaltactica.com\/index.php?rest_route=%2Fwp%2Fv2%2Fcomments&post=46938"}],"version-history":[{"count":1,"href":"https:\/\/portaltactica.com\/index.php?rest_route=\/wp\/v2\/posts\/46938\/revisions"}],"predecessor-version":[{"id":46940,"href":"https:\/\/portaltactica.com\/index.php?rest_route=\/wp\/v2\/posts\/46938\/revisions\/46940"}],"wp:featuredmedia":[{"embeddable":true,"href":"https:\/\/portaltactica.com\/index.php?rest_route=\/wp\/v2\/media\/46939"}],"wp:attachment":[{"href":"https:\/\/portaltactica.com\/index.php?rest_route=%2Fwp%2Fv2%2Fmedia&parent=46938"}],"wp:term":[{"taxonomy":"category","embeddable":true,"href":"https:\/\/portaltactica.com\/index.php?rest_route=%2Fwp%2Fv2%2Fcategories&post=46938"},{"taxonomy":"post_tag","embeddable":true,"href":"https:\/\/portaltactica.com\/index.php?rest_route=%2Fwp%2Fv2%2Ftags&post=46938"}],"curies":[{"name":"wp","href":"https:\/\/api.w.org\/{rel}","templated":true}]}}