{"id":45846,"date":"2021-02-27T15:35:40","date_gmt":"2021-02-27T22:35:40","guid":{"rendered":"https:\/\/portaltactica.com\/?p=45846"},"modified":"2021-02-27T15:35:43","modified_gmt":"2021-02-27T22:35:43","slug":"anuncia-mario-delgado-alianza-morena-pas-con-ruben-rocha-moya-como-candidato","status":"publish","type":"post","link":"https:\/\/portaltactica.com\/?p=45846","title":{"rendered":"Anuncia Mario Delgado alianza Morena-PAS con Rub\u00e9n Rocha Moya como candidato"},"content":{"rendered":"\n<p>Culiac\u00e1n, Sinaloa. Tras anunciar la alianza entre Morena y PAS para postular candidato al gobierno de Sinaloa, el presidente nacional morenista, Mario Delgado Carrillo dio a conocer que Rub\u00e9n Rocha Moya encabezar\u00e1 la candidatura com\u00fan.<\/p>\n\n\n\n<p>En conferencia de prensa, acompa\u00f1ado por Rub\u00e9n Rocha Moya y el presidente estatal del Partido Sinaloense, H\u00e9ctor Melesio Cu\u00e9n Ojeda, el l\u00edder de Morena destac\u00f3:<\/p>\n\n\n\n<p>\u201cMorena es un movimiento plural en el que se viene a trabajar, a sumar y no a pedir. Aqu\u00ed no se lucha por cargos, sino por el proyecto de la Cuarta Transformaci\u00f3n. Pero tambi\u00e9n hay que decirlo: Morena debe ser eficaz en la lucha electoral, porque para transformar el estado, primero hay que ganar el gobierno\u201d.<\/p>\n\n\n\n<p>Delgado sostuvo que Rub\u00e9n Rocha Moya ser\u00e1 quien encabece el proyecto de transformaci\u00f3n en Sinaloa, gracias a que tiene un gran reconocimiento y cari\u00f1o de la gente, pues se trata de un hombre que ha dedicado su vida a la academia, a la lucha por la democracia y ha acompa\u00f1ado durante muchos a\u00f1os al hoy presidente Andr\u00e9s Manuel L\u00f3pez Obrador.<\/p>\n\n\n\n<p>Puntualiz\u00f3 que en Morena todas las candidaturas a un puesto de elecci\u00f3n popular se ganan por encuestas y no por influyentismo ni amiguismo y, en ese sentido, inform\u00f3 que las encuestas para las diputaciones federales y locales se est\u00e1n llevando a cabo para elegir a los mejores perfiles y conservar la mayor\u00eda en la C\u00e1mara de Diputados.<\/p>\n\n\n\n<p>Carrillo Delgado afirm\u00f3 que para lograr que la transformaci\u00f3n llegue al estado y a cada rinc\u00f3n del pa\u00eds se necesitan tres acciones: garantizar la unidad al interior del movimiento; activar la movilizaci\u00f3n en las calles; y que los gobiernos locales se comprometan a \u201cno meter las manos en el proceso electoral\u201d.<\/p>\n\n\n\n<p>El l\u00edder de Morena resalt\u00f3 la importancia de acompa\u00f1ar el pacto por la democracia del presidente Andr\u00e9s Manuel L\u00f3pez Obrador para estar alertas y as\u00ed evitar que en las pr\u00f3ximas elecciones se trafique con la pobreza y la necesidad de la gente, adem\u00e1s de impedir que los gobiernos locales utilicen su presupuesto con fines electorales, vigilar que no haya compra de conciencias y denunciar a los delincuentes electorales.<\/p>\n\n\n\n<div class=\"wp-block-jetpack-tiled-gallery aligncenter is-style-rectangular\"><div class=\"tiled-gallery__gallery\"><div class=\"tiled-gallery__row\"><div class=\"tiled-gallery__col\" style=\"flex-basis:49.9617083968433%\"><figure class=\"tiled-gallery__item\"><img decoding=\"async\" srcset=\"https:\/\/i2.wp.com\/portaltactica.com\/wp-content\/uploads\/2021\/02\/WhatsApp-Image-2021-02-27-at-3.23.37-PM.jpeg?strip=info&#038;w=600&#038;ssl=1 600w,https:\/\/i2.wp.com\/portaltactica.com\/wp-content\/uploads\/2021\/02\/WhatsApp-Image-2021-02-27-at-3.23.37-PM.jpeg?strip=info&#038;w=850&#038;ssl=1 850w\" alt=\"\" data-height=\"567\" data-id=\"45848\" data-link=\"https:\/\/portaltactica.com\/?attachment_id=45848\" data-url=\"https:\/\/portaltactica.com\/wp-content\/uploads\/2021\/02\/WhatsApp-Image-2021-02-27-at-3.23.37-PM.jpeg\" data-width=\"850\" src=\"https:\/\/i2.wp.com\/portaltactica.com\/wp-content\/uploads\/2021\/02\/WhatsApp-Image-2021-02-27-at-3.23.37-PM.jpeg?ssl=1\" layout=\"responsive\"\/><\/figure><\/div><div class=\"tiled-gallery__col\" style=\"flex-basis:25.01914580157835%\"><figure class=\"tiled-gallery__item\"><img decoding=\"async\" srcset=\"https:\/\/i1.wp.com\/portaltactica.com\/wp-content\/uploads\/2021\/02\/WhatsApp-Image-2021-02-27-at-3.23.37-PM-3.jpeg?strip=info&#038;w=600&#038;ssl=1 600w,https:\/\/i1.wp.com\/portaltactica.com\/wp-content\/uploads\/2021\/02\/WhatsApp-Image-2021-02-27-at-3.23.37-PM-3.jpeg?strip=info&#038;w=766&#038;ssl=1 766w\" alt=\"\" data-height=\"1024\" data-id=\"45849\" data-link=\"https:\/\/portaltactica.com\/?attachment_id=45849\" data-url=\"https:\/\/portaltactica.com\/wp-content\/uploads\/2021\/02\/WhatsApp-Image-2021-02-27-at-3.23.37-PM-3.jpeg\" data-width=\"766\" src=\"https:\/\/i1.wp.com\/portaltactica.com\/wp-content\/uploads\/2021\/02\/WhatsApp-Image-2021-02-27-at-3.23.37-PM-3.jpeg?ssl=1\" layout=\"responsive\"\/><\/figure><\/div><div class=\"tiled-gallery__col\" style=\"flex-basis:25.01914580157835%\"><figure class=\"tiled-gallery__item\"><img decoding=\"async\" srcset=\"https:\/\/i2.wp.com\/portaltactica.com\/wp-content\/uploads\/2021\/02\/WhatsApp-Image-2021-02-27-at-3.23.37-PM-2.jpeg?strip=info&#038;w=600&#038;ssl=1 600w,https:\/\/i2.wp.com\/portaltactica.com\/wp-content\/uploads\/2021\/02\/WhatsApp-Image-2021-02-27-at-3.23.37-PM-2.jpeg?strip=info&#038;w=766&#038;ssl=1 766w\" alt=\"\" data-height=\"1024\" data-id=\"45850\" data-link=\"https:\/\/portaltactica.com\/?attachment_id=45850\" data-url=\"https:\/\/portaltactica.com\/wp-content\/uploads\/2021\/02\/WhatsApp-Image-2021-02-27-at-3.23.37-PM-2.jpeg\" data-width=\"766\" src=\"https:\/\/i2.wp.com\/portaltactica.com\/wp-content\/uploads\/2021\/02\/WhatsApp-Image-2021-02-27-at-3.23.37-PM-2.jpeg?ssl=1\" layout=\"responsive\"\/><\/figure><\/div><\/div><\/div><\/div>\n<div class='share-to-whatsapp-wrapper'><div class='share-on-whsp'>Share on: <\/div><a data-text='Anuncia Mario Delgado alianza Morena-PAS con Rub\u00e9n Rocha Moya como candidato' data-link='https:\/\/portaltactica.com\/?p=45846' class='whatsapp-button whatsapp-share'>WhatsApp<\/a><div class='clear '><\/div><\/div>","protected":false},"excerpt":{"rendered":"<p>Culiac\u00e1n, Sinaloa. Tras anunciar la alianza entre Morena y PAS para postular candidato al gobierno de Sinaloa, el presidente nacional morenista,&hellip;<\/p>\n","protected":false},"author":1,"featured_media":45847,"comment_status":"open","ping_status":"open","sticky":false,"template":"","format":"standard","meta":{"advanced_seo_description":"","jetpack_seo_html_title":"","jetpack_seo_noindex":false,"_jetpack_memberships_contains_paid_content":false,"footnotes":"","jetpack_publicize_message":"","jetpack_publicize_feature_enabled":true,"jetpack_social_post_already_shared":true,"jetpack_social_options":{"image_generator_settings":{"template":"highway","default_image_id":0,"font":"","enabled":false},"version":2}},"categories":[949],"tags":[4177,2101],"class_list":["post-45846","post","type-post","status-publish","format-standard","has-post-thumbnail","hentry","category-destacado-mi-sinaloa","tag-morena","tag-pas"],"jetpack_publicize_connections":[],"jetpack_featured_media_url":"https:\/\/portaltactica.com\/wp-content\/uploads\/2021\/02\/WhatsApp-Image-2021-02-27-at-3.23.37-PM-1.jpeg","jetpack_sharing_enabled":true,"_links":{"self":[{"href":"https:\/\/portaltactica.com\/index.php?rest_route=\/wp\/v2\/posts\/45846","targetHints":{"allow":["GET"]}}],"collection":[{"href":"https:\/\/portaltactica.com\/index.php?rest_route=\/wp\/v2\/posts"}],"about":[{"href":"https:\/\/portaltactica.com\/index.php?rest_route=\/wp\/v2\/types\/post"}],"author":[{"embeddable":true,"href":"https:\/\/portaltactica.com\/index.php?rest_route=\/wp\/v2\/users\/1"}],"replies":[{"embeddable":true,"href":"https:\/\/portaltactica.com\/index.php?rest_route=%2Fwp%2Fv2%2Fcomments&post=45846"}],"version-history":[{"count":1,"href":"https:\/\/portaltactica.com\/index.php?rest_route=\/wp\/v2\/posts\/45846\/revisions"}],"predecessor-version":[{"id":45851,"href":"https:\/\/portaltactica.com\/index.php?rest_route=\/wp\/v2\/posts\/45846\/revisions\/45851"}],"wp:featuredmedia":[{"embeddable":true,"href":"https:\/\/portaltactica.com\/index.php?rest_route=\/wp\/v2\/media\/45847"}],"wp:attachment":[{"href":"https:\/\/portaltactica.com\/index.php?rest_route=%2Fwp%2Fv2%2Fmedia&parent=45846"}],"wp:term":[{"taxonomy":"category","embeddable":true,"href":"https:\/\/portaltactica.com\/index.php?rest_route=%2Fwp%2Fv2%2Fcategories&post=45846"},{"taxonomy":"post_tag","embeddable":true,"href":"https:\/\/portaltactica.com\/index.php?rest_route=%2Fwp%2Fv2%2Ftags&post=45846"}],"curies":[{"name":"wp","href":"https:\/\/api.w.org\/{rel}","templated":true}]}}