{"id":44487,"date":"2021-01-12T14:56:14","date_gmt":"2021-01-12T21:56:14","guid":{"rendered":"https:\/\/portaltactica.com\/?p=44487"},"modified":"2021-01-12T14:56:21","modified_gmt":"2021-01-12T21:56:21","slug":"el-betis-le-echa-ojo-a-jorge-sanchez","status":"publish","type":"post","link":"https:\/\/portaltactica.com\/?p=44487","title":{"rendered":"El Betis le echa ojo a Jorge S\u00e1nchez"},"content":{"rendered":"\n<p>Jorge S\u00e1nchez (23 a\u00f1os, 1,75 metros), lateral derecho del Am\u00e9rica y de la selecci\u00f3n mexicana de futbol, con la que ha disputado cinco de los seis \u00faltimos partidos, est\u00e1 en la agenda del Real Betis para la pr\u00f3xima temporada, cuando deber\u00e1 reforzar el puesto de lateral derecho si el FC Barcelona decide incorporar a sus filas al brasile\u00f1o Emerson, cuyo fichaje comparte con el club verdiblanco.<\/p>\n\n\n\n<p>El inter\u00e9s por Jorge S\u00e1nchez lo desvela el portal latinus.us, donde se apunta que al Betis le convence el jugador para esa posici\u00f3n tras seguirlo desde hace meses y adem\u00e1s el hecho de que acabe contrato en junio de 2021 y quede libre hace m\u00e1s factible la posibilidad de recalar en el conjunto verdiblanco.<\/p>\n\n\n\n<p>Jorge S\u00e1nchez no ha recibido todav\u00eda una oferta de renovaci\u00f3n, seg\u00fan apunta el citado medio, y el Real Betis, que ya firm\u00f3 a Diego Lainez y Guido Rodr\u00edguez procedentes del Am\u00e9rica, est\u00e1 muy pendiente del jugador, pues s\u00ed Emerson acaba saliendo solo se quedar\u00eda con Mart\u00edn Montoya como lateral para el primer equipo, aunque el canterano Fran Delgado (19 a\u00f1os) viene apretando con fuerza y ya el pasado mi\u00e9rcoles ya debut\u00f3 en la Copa a las \u00f3rdenes de Pellegrini.<\/p>\n<div class='share-to-whatsapp-wrapper'><div class='share-on-whsp'>Share on: <\/div><a data-text='El Betis le echa ojo a Jorge S\u00e1nchez' data-link='https:\/\/portaltactica.com\/?p=44487' class='whatsapp-button whatsapp-share'>WhatsApp<\/a><div class='clear '><\/div><\/div>","protected":false},"excerpt":{"rendered":"<p>Jorge S\u00e1nchez (23 a\u00f1os, 1,75 metros), lateral derecho del Am\u00e9rica y de la selecci\u00f3n mexicana de futbol, con la que ha&hellip;<\/p>\n","protected":false},"author":1,"featured_media":44488,"comment_status":"open","ping_status":"open","sticky":false,"template":"","format":"standard","meta":{"advanced_seo_description":"","jetpack_seo_html_title":"","jetpack_seo_noindex":false,"_jetpack_memberships_contains_paid_content":false,"footnotes":"","jetpack_publicize_message":"","jetpack_publicize_feature_enabled":true,"jetpack_social_post_already_shared":true,"jetpack_social_options":{"image_generator_settings":{"template":"highway","default_image_id":0,"font":"","enabled":false},"version":2}},"categories":[1897,1896],"tags":[3118],"class_list":["post-44487","post","type-post","status-publish","format-standard","has-post-thumbnail","hentry","category-destacado-nacional","category-destacado-portada","tag-jorge-sanchez"],"jetpack_publicize_connections":[],"jetpack_featured_media_url":"https:\/\/portaltactica.com\/wp-content\/uploads\/2021\/01\/jorge-sanchez.jpg","jetpack_sharing_enabled":true,"_links":{"self":[{"href":"https:\/\/portaltactica.com\/index.php?rest_route=\/wp\/v2\/posts\/44487","targetHints":{"allow":["GET"]}}],"collection":[{"href":"https:\/\/portaltactica.com\/index.php?rest_route=\/wp\/v2\/posts"}],"about":[{"href":"https:\/\/portaltactica.com\/index.php?rest_route=\/wp\/v2\/types\/post"}],"author":[{"embeddable":true,"href":"https:\/\/portaltactica.com\/index.php?rest_route=\/wp\/v2\/users\/1"}],"replies":[{"embeddable":true,"href":"https:\/\/portaltactica.com\/index.php?rest_route=%2Fwp%2Fv2%2Fcomments&post=44487"}],"version-history":[{"count":1,"href":"https:\/\/portaltactica.com\/index.php?rest_route=\/wp\/v2\/posts\/44487\/revisions"}],"predecessor-version":[{"id":44489,"href":"https:\/\/portaltactica.com\/index.php?rest_route=\/wp\/v2\/posts\/44487\/revisions\/44489"}],"wp:featuredmedia":[{"embeddable":true,"href":"https:\/\/portaltactica.com\/index.php?rest_route=\/wp\/v2\/media\/44488"}],"wp:attachment":[{"href":"https:\/\/portaltactica.com\/index.php?rest_route=%2Fwp%2Fv2%2Fmedia&parent=44487"}],"wp:term":[{"taxonomy":"category","embeddable":true,"href":"https:\/\/portaltactica.com\/index.php?rest_route=%2Fwp%2Fv2%2Fcategories&post=44487"},{"taxonomy":"post_tag","embeddable":true,"href":"https:\/\/portaltactica.com\/index.php?rest_route=%2Fwp%2Fv2%2Ftags&post=44487"}],"curies":[{"name":"wp","href":"https:\/\/api.w.org\/{rel}","templated":true}]}}