{"id":43400,"date":"2020-12-03T13:11:29","date_gmt":"2020-12-03T20:11:29","guid":{"rendered":"https:\/\/portaltactica.com\/?p=43400"},"modified":"2020-12-03T13:11:36","modified_gmt":"2020-12-03T20:11:36","slug":"asi-sera-el-casco-que-usara-raul-jimenez-en-su-regreso-a-las-canchas","status":"publish","type":"post","link":"https:\/\/portaltactica.com\/?p=43400","title":{"rendered":"As\u00ed ser\u00e1 el casco que usar\u00e1 Ra\u00fal Jim\u00e9nez en su regreso a las canchas"},"content":{"rendered":"\n<p>Despu\u00e9s de la operaci\u00f3n de fractura a la que fue sometido,\u00a0<strong>Ra\u00fal Jim\u00e9nez\u00a0<\/strong>apunta para ser dado de alta a principios de la siguiente semana y, aunque el mexicano a\u00fan no tiene fecha de regreso a los campos de juego con el Wolverhampton, es altamente probable que el mexicano tenga que hacerlo con un casco protector, similar al que utiliz\u00f3 el ex portero del\u00a0<strong>Chelsea, Petr Cech.<\/strong><\/p>\n\n\n\n<p>Jim\u00e9nez se unir\u00e1 a los nombres de los<strong>\u00a0futbolistas que han tenido que utilizar este aditamento<\/strong>\u00a0para proteger el su cabeza despu\u00e9s de sufrir un accidente durante un partido de futbol, pues anteriormente el defensa del Inter de MIlan, Cristian Chivu y algunos jugadores m\u00e1s se han sumado a esta lista.<\/p>\n\n\n\n<figure class=\"wp-block-image size-large\"><img fetchpriority=\"high\" decoding=\"async\" width=\"425\" height=\"491\" src=\"https:\/\/portaltactica.com\/wp-content\/uploads\/2020\/12\/3-2.jpg\" alt=\"\" class=\"wp-image-43402\" \/><\/figure>\n\n\n\n<h4 class=\"wp-block-heading\">\u00bfC\u00d3MO FUNCIONA?<\/h4>\n\n\n\n<p>El casco permite saltar al terreno de juego con una protecci\u00f3n en la cabeza para evitar que la fractura no se desplace, aunque siempre lo m\u00e1s indicado ser\u00e1 guardar el tiempo de reposo correspondiente para evitar cualquier reca\u00edda.<\/p>\n\n\n\n<p>De acuerdo a doctores especializados en Cirug\u00eda Pl\u00e1stica, estos complementos sirven como prevenci\u00f3n, aunque con una fractura en cr\u00e1neo no son 100% seguras.<\/p>\n\n\n\n<p>El casco debe ser acolchado, cerrar a la altura de la barbilla y tiene que disponer de m\u00faltiples agujeros para permitir una correcta ventilaci\u00f3n de la cabeza y cabello, adem\u00e1s de que tiene que estar hecho a la medida, por lo que es importante elegir una talla correcta.<\/p>\n\n\n\n<p><\/p>\n\n\n\n<p style=\"font-size:9px\"><em>Fuente: Soyfutbol.<\/em><\/p>\n<div class='share-to-whatsapp-wrapper'><div class='share-on-whsp'>Share on: <\/div><a data-text='As\u00ed ser\u00e1 el casco que usar\u00e1 Ra\u00fal Jim\u00e9nez en su regreso a las canchas' data-link='https:\/\/portaltactica.com\/?p=43400' class='whatsapp-button whatsapp-share'>WhatsApp<\/a><div class='clear '><\/div><\/div>","protected":false},"excerpt":{"rendered":"<p>Despu\u00e9s de la operaci\u00f3n de fractura a la que fue sometido,\u00a0Ra\u00fal Jim\u00e9nez\u00a0apunta para ser dado de alta a principios de la&hellip;<\/p>\n","protected":false},"author":2,"featured_media":43401,"comment_status":"open","ping_status":"open","sticky":false,"template":"","format":"standard","meta":{"advanced_seo_description":"","jetpack_seo_html_title":"","jetpack_seo_noindex":false,"_jetpack_memberships_contains_paid_content":false,"footnotes":"","jetpack_publicize_message":"","jetpack_publicize_feature_enabled":true,"jetpack_social_post_already_shared":true,"jetpack_social_options":{"image_generator_settings":{"template":"highway","default_image_id":0,"font":"","enabled":false},"version":2}},"categories":[1896],"tags":[257,303],"class_list":["post-43400","post","type-post","status-publish","format-standard","has-post-thumbnail","hentry","category-destacado-portada","tag-raul-jimenez-2","tag-wolverhampton"],"jetpack_publicize_connections":[],"jetpack_featured_media_url":"https:\/\/portaltactica.com\/wp-content\/uploads\/2020\/12\/4-2.jpg","jetpack_sharing_enabled":true,"_links":{"self":[{"href":"https:\/\/portaltactica.com\/index.php?rest_route=\/wp\/v2\/posts\/43400","targetHints":{"allow":["GET"]}}],"collection":[{"href":"https:\/\/portaltactica.com\/index.php?rest_route=\/wp\/v2\/posts"}],"about":[{"href":"https:\/\/portaltactica.com\/index.php?rest_route=\/wp\/v2\/types\/post"}],"author":[{"embeddable":true,"href":"https:\/\/portaltactica.com\/index.php?rest_route=\/wp\/v2\/users\/2"}],"replies":[{"embeddable":true,"href":"https:\/\/portaltactica.com\/index.php?rest_route=%2Fwp%2Fv2%2Fcomments&post=43400"}],"version-history":[{"count":1,"href":"https:\/\/portaltactica.com\/index.php?rest_route=\/wp\/v2\/posts\/43400\/revisions"}],"predecessor-version":[{"id":43403,"href":"https:\/\/portaltactica.com\/index.php?rest_route=\/wp\/v2\/posts\/43400\/revisions\/43403"}],"wp:featuredmedia":[{"embeddable":true,"href":"https:\/\/portaltactica.com\/index.php?rest_route=\/wp\/v2\/media\/43401"}],"wp:attachment":[{"href":"https:\/\/portaltactica.com\/index.php?rest_route=%2Fwp%2Fv2%2Fmedia&parent=43400"}],"wp:term":[{"taxonomy":"category","embeddable":true,"href":"https:\/\/portaltactica.com\/index.php?rest_route=%2Fwp%2Fv2%2Fcategories&post=43400"},{"taxonomy":"post_tag","embeddable":true,"href":"https:\/\/portaltactica.com\/index.php?rest_route=%2Fwp%2Fv2%2Ftags&post=43400"}],"curies":[{"name":"wp","href":"https:\/\/api.w.org\/{rel}","templated":true}]}}