{"id":43173,"date":"2020-11-27T21:15:25","date_gmt":"2020-11-28T04:15:25","guid":{"rendered":"https:\/\/portaltactica.com\/?p=43173"},"modified":"2020-11-27T21:15:29","modified_gmt":"2020-11-28T04:15:29","slug":"mandata-el-tepjf-al-senado-legislar-la-iniciativa-de-no-aplicacion-del-horario-de-verano-para-sinaloa-cuen-ojeda","status":"publish","type":"post","link":"https:\/\/portaltactica.com\/?p=43173","title":{"rendered":"\u201cMandata el TEPJF al Senado legislar la iniciativa de NO aplicaci\u00f3n del Horario de Verano para Sinaloa\u201d: Cu\u00e9n Ojeda"},"content":{"rendered":"\n<p class=\"has-medium-font-size\"><strong>Se siguen sumando l\u00edderes sociales al PAS, hoy le doy la bienvenida al exdiputado y expresidente de Concordia Ra\u00fal D\u00edaz<\/strong><\/p>\n\n\n\n<p>Hoy es un d\u00eda de j\u00fabilo para los sinaloenses, ya que la Sala Superior Tribunal Electoral del Poder Judicial de la Federaci\u00f3n -TEPJF- sentencia al Senado para que, en un plazo de 20 d\u00edas, presente al pleno el dictamen sobre la iniciativa ciudadana para que en Sinaloa NO se aplique el horario de verano: \u201cEs una sentencia severa y tajante que nosotros hemos visto que emite la Sala Superior del TEPJF ante un \u00f3rgano parlamentario, mandato que abre las puertas para que una iniciativa ciudadana, respaldada por mas de 222 mil firmas, sea dictaminada y votada en pleno para su eventual aprobaci\u00f3n\u201d, manifest\u00f3 H\u00e9ctor Melesio Cu\u00e9n Ojeda, en conferencia de prensa en el puerto de Mazatl\u00e1n.<\/p>\n\n\n\n<p>Este mandato es un logro de todos los sinaloenses que respaldaron esta propuesta para que en Sinaloa no exista el horario de verano, pero, adem\u00e1s, es un triunfo que el TEPJF ordene a los Senadores no mandar a la \u201ccongeladora\u201d legislativa la propuesta de los ciudadanos, en especial de los sinaloenses.<\/p>\n\n\n\n<p>En la misma conferencia de prensa, el presidente del Partido Sinaloense, H\u00e9ctor Melesio Cu\u00e9n Ojeda, present\u00f3 al exdiputado y expresidente de Concordia, Ra\u00fal D\u00edaz, quien se incorpora a las filas del Partido Sinaloense, uni\u00e9ndose a Reynaldo Gonz\u00e1lez y al l\u00edder sindical Jos\u00e9 Santos, con estas adhesiones el PAS consolida su estructura territorial en el sur del estado.<\/p>\n\n\n\n<p>\u201cCada d\u00eda se suman m\u00e1s ciudadanos al Partido Sinaloense ya que ven en \u00e9l la mejor opci\u00f3n para ganar el proceso electoral del 2021, hoy damos la bienvenida a Ra\u00fal D\u00edaz quien viene a fortalecer la estructura del municipio de Concordia, pero es muy importante recalcar que con el se unen decenas de ciudadanos de este alte\u00f1o municipio\u201d, expres\u00f3 H\u00e9ctor Melesio Cu\u00e9n Ojeda.<\/p>\n\n\n\n<p>\u201cEl PAS es el partido que tiene el mayor acercamiento a la poblaci\u00f3n, ya que, los programas sociales gratuitos que maneja llegan y resuelven las necesidades de laS familias m\u00e1s vulnerables de nuestro estado, pero, adem\u00e1s cuenta con las mejores propuestas para que en Sinaloa exista un cambio real, es el partido que tiene m\u00e1s apertura democr\u00e1tica y sabe escuchar a los ciudadanos\u201d, dijo Ra\u00fal D\u00edaz.<\/p>\n<div class='share-to-whatsapp-wrapper'><div class='share-on-whsp'>Share on: <\/div><a data-text='\u201cMandata el TEPJF al Senado legislar la iniciativa de NO aplicaci\u00f3n del Horario de Verano para Sinaloa\u201d: Cu\u00e9n Ojeda' data-link='https:\/\/portaltactica.com\/?p=43173' class='whatsapp-button whatsapp-share'>WhatsApp<\/a><div class='clear '><\/div><\/div>","protected":false},"excerpt":{"rendered":"<p>Se siguen sumando l\u00edderes sociales al PAS, hoy le doy la bienvenida al exdiputado y expresidente de Concordia Ra\u00fal D\u00edaz Hoy&hellip;<\/p>\n","protected":false},"author":1,"featured_media":43174,"comment_status":"open","ping_status":"open","sticky":false,"template":"","format":"standard","meta":{"advanced_seo_description":"","jetpack_seo_html_title":"","jetpack_seo_noindex":false,"_jetpack_memberships_contains_paid_content":false,"footnotes":"","jetpack_publicize_message":"","jetpack_publicize_feature_enabled":true,"jetpack_social_post_already_shared":true,"jetpack_social_options":{"image_generator_settings":{"template":"highway","default_image_id":0,"font":"","enabled":false},"version":2}},"categories":[515],"tags":[1392,1632,2101],"class_list":["post-43173","post","type-post","status-publish","format-standard","has-post-thumbnail","hentry","category-sinaloa","tag-hector-melesio-cuen-ojeda","tag-partido-sinaloense","tag-pas"],"jetpack_publicize_connections":[],"jetpack_featured_media_url":"https:\/\/portaltactica.com\/wp-content\/uploads\/2020\/11\/WhatsApp-Image-2020-11-27-at-8.14.40-PM.jpeg","jetpack_sharing_enabled":true,"_links":{"self":[{"href":"https:\/\/portaltactica.com\/index.php?rest_route=\/wp\/v2\/posts\/43173","targetHints":{"allow":["GET"]}}],"collection":[{"href":"https:\/\/portaltactica.com\/index.php?rest_route=\/wp\/v2\/posts"}],"about":[{"href":"https:\/\/portaltactica.com\/index.php?rest_route=\/wp\/v2\/types\/post"}],"author":[{"embeddable":true,"href":"https:\/\/portaltactica.com\/index.php?rest_route=\/wp\/v2\/users\/1"}],"replies":[{"embeddable":true,"href":"https:\/\/portaltactica.com\/index.php?rest_route=%2Fwp%2Fv2%2Fcomments&post=43173"}],"version-history":[{"count":1,"href":"https:\/\/portaltactica.com\/index.php?rest_route=\/wp\/v2\/posts\/43173\/revisions"}],"predecessor-version":[{"id":43175,"href":"https:\/\/portaltactica.com\/index.php?rest_route=\/wp\/v2\/posts\/43173\/revisions\/43175"}],"wp:featuredmedia":[{"embeddable":true,"href":"https:\/\/portaltactica.com\/index.php?rest_route=\/wp\/v2\/media\/43174"}],"wp:attachment":[{"href":"https:\/\/portaltactica.com\/index.php?rest_route=%2Fwp%2Fv2%2Fmedia&parent=43173"}],"wp:term":[{"taxonomy":"category","embeddable":true,"href":"https:\/\/portaltactica.com\/index.php?rest_route=%2Fwp%2Fv2%2Fcategories&post=43173"},{"taxonomy":"post_tag","embeddable":true,"href":"https:\/\/portaltactica.com\/index.php?rest_route=%2Fwp%2Fv2%2Ftags&post=43173"}],"curies":[{"name":"wp","href":"https:\/\/api.w.org\/{rel}","templated":true}]}}