{"id":43162,"date":"2020-11-27T14:17:08","date_gmt":"2020-11-27T21:17:08","guid":{"rendered":"https:\/\/portaltactica.com\/?p=43162"},"modified":"2020-11-27T14:17:14","modified_gmt":"2020-11-27T21:17:14","slug":"sugirieron-que-enterraran-a-maradona-junto-a-la-copa-del-mundo-del-86","status":"publish","type":"post","link":"https:\/\/portaltactica.com\/?p=43162","title":{"rendered":"Sugirieron que enterraran a Maradona junto a la Copa del Mundo del 86"},"content":{"rendered":"\n<p class=\"has-text-align-center\" style=\"font-size:22px\"><strong><em>Uno de los hist\u00f3ricos de los campeones con Argentina y con paso por el futbol mexicano, pidi\u00f3 que la Copa se metiera en el caj\u00f3n de Diego. <\/em><\/strong><\/p>\n\n\n\n<p>\u00a1Se fue Maradona! Y junto a \u00e9l miles de l\u00e1grimas y corazones rotos por la muerte del que muchos llaman &#8220;D10S&#8221;, incluidos sus propios compa\u00f1eros de selecci\u00f3n en Argentina, pero hubo uno en espec\u00edfico que se mostr\u00f3 conmovido en TV y hasta pidi\u00f3 que metieran la Copa del Mundo del 86 en el caj\u00f3n de Diego. <\/p>\n\n\n\n<p>Nery Pumpido, parte de los campeones en M\u00e9xico 86 y con paso en el futbol mexicano como DT de Tigres y Veracruz, hizo tremenda petici\u00f3n para que\u00a0Maradona fuera enterrado con el trofeo. <\/p>\n\n\n\n<p>&#8220;Llegu\u00e9 justo a \u00faltimo momento, estaba al lado del caj\u00f3n de Diego, estaba la copa ah\u00ed cerca de Diego, agarr\u00e9 la copa y se la puse arriba del caj\u00f3n. Me hubiese gustado pon\u00e9rsela adentro&#8221;, dijo para ESPN.<\/p>\n\n\n\n<p>Pumpido habl\u00f3 incluso con la exesposa de Diego, Claudia Villafa\u00f1e, quien se encarg\u00f3 de todo el funeral y le pidi\u00f3 que le dejara la Copa que con tanto cari\u00f1o se llev\u00f3 de tierras mexicanas <\/p>\n\n\n\n<p>&#8220;Le dije a Claudia, deja que la tenga ah\u00ed, si a \u00e9l le gustaba tenerla siempre, no nos prestaba la copa cuando volvimos en ese viaje de M\u00e9xico. Ojal\u00e1 se hubiese llevado adentro la copa del mundo&#8221;. <\/p>\n\n\n\n<figure class=\"wp-block-embed-twitter wp-block-embed is-type-rich is-provider-twitter\"><div class=\"wp-block-embed__wrapper\">\n<blockquote class=\"twitter-tweet\" data-width=\"550\" data-dnt=\"true\"><p lang=\"es\" dir=\"ltr\">Nery Pumpido, la Copa del Mundo y el caj\u00f3n de Diego Maradona&#8230; \u00a1Impactante relato del arquero campe\u00f3n del mundo &#39;86 en <a href=\"https:\/\/twitter.com\/hashtag\/ESPNF90?src=hash&amp;ref_src=twsrc%5Etfw\">#ESPNF90<\/a>! <a href=\"https:\/\/t.co\/4NVxDgP2k0\">pic.twitter.com\/4NVxDgP2k0<\/a><\/p>&mdash; SportsCenter (@SC_ESPN) <a href=\"https:\/\/twitter.com\/SC_ESPN\/status\/1332365638677966848?ref_src=twsrc%5Etfw\">November 27, 2020<\/a><\/blockquote><script async src=\"https:\/\/platform.twitter.com\/widgets.js\" charset=\"utf-8\"><\/script>\n<\/div><\/figure>\n\n\n\n<p>La mayor\u00eda de los integrantes del plantel Campe\u00f3n del Mundo en el 86 fueron de los primeros que despidieron a Diego Armando el mi\u00e9rcoles por la noche, a excepci\u00f3n de gente como Jorge Valdano que vive en Espa\u00f1a, Jorge Burruchaga que estaba en Paraguay o Carlos Bilardo, que se encuentra grave y hasta el momento, seg\u00fan medios argentinos, no se ha enterado de la muerte del que llamaba &#8216;hijo&#8217;. <\/p>\n\n\n\n<p><\/p>\n\n\n\n<p style=\"font-size:9px\"><em>Fuente: Mediotiempo.<\/em><\/p>\n<div class='share-to-whatsapp-wrapper'><div class='share-on-whsp'>Share on: <\/div><a data-text='Sugirieron que enterraran a Maradona junto a la Copa del Mundo del 86' data-link='https:\/\/portaltactica.com\/?p=43162' class='whatsapp-button whatsapp-share'>WhatsApp<\/a><div class='clear '><\/div><\/div>","protected":false},"excerpt":{"rendered":"<p>Uno de los hist\u00f3ricos de los campeones con Argentina y con paso por el futbol mexicano, pidi\u00f3 que la Copa se&hellip;<\/p>\n","protected":false},"author":2,"featured_media":43163,"comment_status":"open","ping_status":"open","sticky":false,"template":"","format":"standard","meta":{"advanced_seo_description":"","jetpack_seo_html_title":"","jetpack_seo_noindex":false,"_jetpack_memberships_contains_paid_content":false,"footnotes":"","jetpack_publicize_message":"","jetpack_publicize_feature_enabled":true,"jetpack_social_post_already_shared":true,"jetpack_social_options":{"image_generator_settings":{"template":"highway","default_image_id":0,"font":"","enabled":false},"version":2}},"categories":[1896],"tags":[4267],"class_list":["post-43162","post","type-post","status-publish","format-standard","has-post-thumbnail","hentry","category-destacado-portada","tag-diego-armando-maradona"],"jetpack_publicize_connections":[],"jetpack_featured_media_url":"https:\/\/portaltactica.com\/wp-content\/uploads\/2020\/11\/6-15.jpg","jetpack_sharing_enabled":true,"_links":{"self":[{"href":"https:\/\/portaltactica.com\/index.php?rest_route=\/wp\/v2\/posts\/43162","targetHints":{"allow":["GET"]}}],"collection":[{"href":"https:\/\/portaltactica.com\/index.php?rest_route=\/wp\/v2\/posts"}],"about":[{"href":"https:\/\/portaltactica.com\/index.php?rest_route=\/wp\/v2\/types\/post"}],"author":[{"embeddable":true,"href":"https:\/\/portaltactica.com\/index.php?rest_route=\/wp\/v2\/users\/2"}],"replies":[{"embeddable":true,"href":"https:\/\/portaltactica.com\/index.php?rest_route=%2Fwp%2Fv2%2Fcomments&post=43162"}],"version-history":[{"count":1,"href":"https:\/\/portaltactica.com\/index.php?rest_route=\/wp\/v2\/posts\/43162\/revisions"}],"predecessor-version":[{"id":43164,"href":"https:\/\/portaltactica.com\/index.php?rest_route=\/wp\/v2\/posts\/43162\/revisions\/43164"}],"wp:featuredmedia":[{"embeddable":true,"href":"https:\/\/portaltactica.com\/index.php?rest_route=\/wp\/v2\/media\/43163"}],"wp:attachment":[{"href":"https:\/\/portaltactica.com\/index.php?rest_route=%2Fwp%2Fv2%2Fmedia&parent=43162"}],"wp:term":[{"taxonomy":"category","embeddable":true,"href":"https:\/\/portaltactica.com\/index.php?rest_route=%2Fwp%2Fv2%2Fcategories&post=43162"},{"taxonomy":"post_tag","embeddable":true,"href":"https:\/\/portaltactica.com\/index.php?rest_route=%2Fwp%2Fv2%2Ftags&post=43162"}],"curies":[{"name":"wp","href":"https:\/\/api.w.org\/{rel}","templated":true}]}}