{"id":43125,"date":"2020-11-26T16:27:01","date_gmt":"2020-11-26T23:27:01","guid":{"rendered":"https:\/\/portaltactica.com\/?p=43125"},"modified":"2020-11-26T16:27:06","modified_gmt":"2020-11-26T23:27:06","slug":"ante-la-negativa-del-congreso-del-estado-de-legislar-el-uso-obligatorio-del-cubrebocas-el-pas-analiza-declararse-en-caravana-permanente","status":"publish","type":"post","link":"https:\/\/portaltactica.com\/?p=43125","title":{"rendered":"Ante la negativa del Congreso del Estado de legislar el uso obligatorio del cubrebocas, el PAS analiza declararse en caravana permanente"},"content":{"rendered":"\n<p class=\"has-medium-font-size\"><strong>\u201cEs inaceptable la insensibilidad ante miles de muertes de clase media y baja por COVID en M\u00e9xico y Sinaloa, el PAS obligado a actuar\u201d: Cu\u00e9n H\u00e9ctor.<\/strong><\/p>\n\n\n\n<p>Es imposible seguir ocultando el mal manejo que los gobiernos est\u00e1n haciendo a la pandemia del corona virus, en las \u00faltimas 24 horas se registraron m\u00e1s de 8 mil nuevos contagios y m\u00e1s de 800 muertes, datos a nivel nacional, registros que evidentemente son mas altos en la realidad, es decir en M\u00e9xico la pandemia est\u00e1 teniendo un peligroso repunte.<\/p>\n\n\n\n<p>\u201cToda defunci\u00f3n es lamentable, pero m\u00e1s aun que la mayor\u00eda de las personas que est\u00e1n falleciendo son de clase media-baja, y la raz\u00f3n principal de ello es la falta de personal m\u00e9dico, de infraestructura hospitalaria, es decir de contar con una pol\u00edtica p\u00fablica en salud muy cuestionable\u201d, as\u00ed lo expres\u00f3 el presidente estatal del Partido Sinaloense.<\/p>\n\n\n\n<p>En muchas ocasiones se ha mencionado los \u00edndices de letalidad: en el mundo alrededor de 2.4\/2.6 %; en M\u00e9xico aproximadamente el 9.4 %, pero la desgracia en Sinaloa es que el \u00edndice se incrementa a 16.5%. La gente clase media y baja no est\u00e1n asistiendo a los hospitales por que no tienen recursos para pagar el alto costo de la atenci\u00f3n m\u00e9dica y sobre todo lo caro que est\u00e1n los tratamientos m\u00e9dicos, por ello se quedan en casa para esperar una posible recuperaci\u00f3n, pero en muchos casos los sorprende la muerte.<\/p>\n\n\n\n<p>\u201cEn muchos estados de la rep\u00fablica sus Congresos ya aprobaron el uso obligatorio del cubrebocas, recientemente lo hicieron nuestros vecinos de Sonora y Durango, aqu\u00ed en Sinaloa el PAS le pone los medios al Ejecutivo y al Legislativo para hacerlo, pero no han querido, por ello y con la responsabilidad que tenemos como organismo pol\u00edtico estamos analizando la posibilidad de declararnos de manera permanente en caravana de autos, el PAS no ceder\u00e1 en que se legisle la iniciativa presentada por la diputada Ang\u00e9lica D\u00edaz Qui\u00f1ones y el Dr. V\u00edctor Antonio Corrales\u201d, as\u00ed lo expreso Cu\u00e9n Ojeda.<\/p>\n<div class='share-to-whatsapp-wrapper'><div class='share-on-whsp'>Share on: <\/div><a data-text='Ante la negativa del Congreso del Estado de legislar el uso obligatorio del cubrebocas, el PAS analiza declararse en caravana permanente' data-link='https:\/\/portaltactica.com\/?p=43125' class='whatsapp-button whatsapp-share'>WhatsApp<\/a><div class='clear '><\/div><\/div>","protected":false},"excerpt":{"rendered":"<p>\u201cEs inaceptable la insensibilidad ante miles de muertes de clase media y baja por COVID en M\u00e9xico y Sinaloa, el PAS&hellip;<\/p>\n","protected":false},"author":1,"featured_media":43126,"comment_status":"open","ping_status":"open","sticky":false,"template":"","format":"standard","meta":{"advanced_seo_description":"","jetpack_seo_html_title":"","jetpack_seo_noindex":false,"_jetpack_memberships_contains_paid_content":false,"footnotes":"","jetpack_publicize_message":"","jetpack_publicize_feature_enabled":true,"jetpack_social_post_already_shared":true,"jetpack_social_options":{"image_generator_settings":{"template":"highway","default_image_id":0,"font":"","enabled":false},"version":2}},"categories":[515],"tags":[1632,2101],"class_list":["post-43125","post","type-post","status-publish","format-standard","has-post-thumbnail","hentry","category-sinaloa","tag-partido-sinaloense","tag-pas"],"jetpack_publicize_connections":[],"jetpack_featured_media_url":"https:\/\/portaltactica.com\/wp-content\/uploads\/2020\/11\/WhatsApp-Image-2020-11-26-at-4.10.41-PM.jpeg","jetpack_sharing_enabled":true,"_links":{"self":[{"href":"https:\/\/portaltactica.com\/index.php?rest_route=\/wp\/v2\/posts\/43125","targetHints":{"allow":["GET"]}}],"collection":[{"href":"https:\/\/portaltactica.com\/index.php?rest_route=\/wp\/v2\/posts"}],"about":[{"href":"https:\/\/portaltactica.com\/index.php?rest_route=\/wp\/v2\/types\/post"}],"author":[{"embeddable":true,"href":"https:\/\/portaltactica.com\/index.php?rest_route=\/wp\/v2\/users\/1"}],"replies":[{"embeddable":true,"href":"https:\/\/portaltactica.com\/index.php?rest_route=%2Fwp%2Fv2%2Fcomments&post=43125"}],"version-history":[{"count":1,"href":"https:\/\/portaltactica.com\/index.php?rest_route=\/wp\/v2\/posts\/43125\/revisions"}],"predecessor-version":[{"id":43127,"href":"https:\/\/portaltactica.com\/index.php?rest_route=\/wp\/v2\/posts\/43125\/revisions\/43127"}],"wp:featuredmedia":[{"embeddable":true,"href":"https:\/\/portaltactica.com\/index.php?rest_route=\/wp\/v2\/media\/43126"}],"wp:attachment":[{"href":"https:\/\/portaltactica.com\/index.php?rest_route=%2Fwp%2Fv2%2Fmedia&parent=43125"}],"wp:term":[{"taxonomy":"category","embeddable":true,"href":"https:\/\/portaltactica.com\/index.php?rest_route=%2Fwp%2Fv2%2Fcategories&post=43125"},{"taxonomy":"post_tag","embeddable":true,"href":"https:\/\/portaltactica.com\/index.php?rest_route=%2Fwp%2Fv2%2Ftags&post=43125"}],"curies":[{"name":"wp","href":"https:\/\/api.w.org\/{rel}","templated":true}]}}