{"id":43121,"date":"2020-11-26T15:50:04","date_gmt":"2020-11-26T22:50:04","guid":{"rendered":"https:\/\/portaltactica.com\/?p=43121"},"modified":"2020-11-26T15:50:10","modified_gmt":"2020-11-26T22:50:10","slug":"cuerpo-de-diego-armando-maradona-es-trasladado-al-cementerio","status":"publish","type":"post","link":"https:\/\/portaltactica.com\/?p=43121","title":{"rendered":"Cuerpo de Diego Armando Maradona es trasladado al cementerio"},"content":{"rendered":"\n<p class=\"has-text-align-center\" style=\"font-size:22px\"><strong><em>El cortejo f\u00fanebre con los restos del astro del futbol argentino\u00a0Diego Maradona sale de la Casa Rosada\u00a0<\/em><\/strong><\/p>\n\n\n\n<p>El cortejo f\u00fanebre con los restos del astro argentino\u00a0<strong>Diego Armando Maradona\u00a0parti\u00f3 de la Casa Rosada hacia el cementerio<\/strong>, en la perfieria noroeste de Buenos Aires, luego de suspenderse este jueves el funeral p\u00fablico en el marco de incidentes entre aficionados del exfutbolista y la polic\u00eda.<\/p>\n\n\n\n<p><strong>Maradona falleci\u00f3 ayer a los 60 a\u00f1os<\/strong>\u00a0y sus restos fueron velados en la Casa Rosada, \u00a0la sede gubernamental, por decisi\u00f3n de la familia. Durante casi 10 horas desfilaron frente al f\u00e9retro miles de personas pero al anunciarse un inminente cierre de la despedida<strong>\u00a0se desataron los incidentes<\/strong>.<\/p>\n\n\n\n<figure class=\"wp-block-embed-youtube wp-block-embed is-type-video is-provider-youtube wp-embed-aspect-16-9 wp-has-aspect-ratio\"><div class=\"wp-block-embed__wrapper\">\n<div class=\"epyt-video-wrapper\"><iframe  id=\"_ytid_61695\"  width=\"1170\" height=\"658\"  data-origwidth=\"1170\" data-origheight=\"658\" src=\"https:\/\/www.youtube.com\/embed\/nyarZCl4h7s?enablejsapi=1&#038;autoplay=0&#038;cc_load_policy=0&#038;cc_lang_pref=&#038;iv_load_policy=1&#038;loop=1&#038;playlist=nyarZCl4h7s&#038;rel=1&#038;fs=1&#038;playsinline=0&#038;autohide=2&#038;theme=dark&#038;color=red&#038;controls=1&#038;disablekb=0&#038;\" class=\"__youtube_prefs__  epyt-is-override  no-lazyload\" title=\"YouTube player\"  allow=\"fullscreen; accelerometer; autoplay; clipboard-write; encrypted-media; gyroscope; picture-in-picture; web-share\" referrerpolicy=\"strict-origin-when-cross-origin\" allowfullscreen data-no-lazy=\"1\" data-skipgform_ajax_framebjll=\"\"><\/iframe><\/div>\n<\/div><\/figure>\n\n\n\n<p>El autom\u00f3vil que lleva el cuerpo de Maradona se dirig\u00eda al cementerio privado Jard\u00edn Bella Vista, a unos 40 kil\u00f3metros de la capital argentina.<\/p>\n\n\n\n<p>All\u00ed descansan los restos de sus padres, Diego Maradona y Dalma Salvadora Franco, conocidos popularmente como &#8216;Don Diego&#8217; y &#8216;Do\u00f1a Tota&#8217;, que fallecieron en 2015 y 2011, respectivamente.<\/p>\n\n\n\n<p>La Presidencia de Argentina inform\u00f3 que el cortejo f\u00fanebre transitar\u00e1 por la avenida 9 de Julio, la principal arteria de Buenos Aires, hasta la autopista 25 de Mayo y luego el Acceso Oeste.<\/p>\n\n\n\n<p>Las autoridades difundieron el recorrido que tendr\u00e1 el cortejo para que quienes no lograron acceder a la capilla ardiente&nbsp;<strong>le den el &#8220;\u00faltimo adi\u00f3s&#8221; desde las calles<\/strong>.<\/p>\n\n\n\n<p>La partida del cortejo fue, de hecho, muy compleja, debido al aluvi\u00f3n de personas agolpadas a las puertas de la Casa Rosada y que no pudieron ingresar al velatorio.<\/p>\n\n\n\n<h4 class=\"wp-block-heading\">Gobierno da explicaci\u00f3n tras incidentes en Casa Rosada<\/h4>\n\n\n\n<p>Tras los incidentes desatados en los alrededores de la sede del Ejecutivo y dentro de la propia Casa Rosada entre fan\u00e1ticos de Maradona y la Polic\u00eda, la Presidencia argentina emiti\u00f3 un comunicado en el que asegur\u00f3 que el objetivo del Gobierno siempre fue que se pudiera &#8220;<strong>despedir a Diego de forma pac\u00edfica<\/strong>, sabiendo que todo el pa\u00eds y gran parte del mundo est\u00e1 conmocionado por su fallecimiento&#8221;.<\/p>\n\n\n\n<p>Explic\u00f3 que fue la familia de Maradona la que eligi\u00f3 realizar el velatorio en la Casa Rosada, &#8220;decisi\u00f3n que el Gobierno acompa\u00f1\u00f3&#8221;.<\/p>\n\n\n\n<p>Seg\u00fan el Ejecutivo, &#8220;cientos de miles de argentinos&#8221; realizaron este jueves &#8220;una fila de decenas de cuadras para despedir a Diego Armando Maradona&#8221; y la despedida se inici\u00f3 muy temprano esta ma\u00f1ana de forma &#8220;muy emotiva y organizada&#8221;.<\/p>\n\n\n\n<p>El comunicado se\u00f1ala que &#8220;cuando el horario de finalizaci\u00f3n se acercaba, varias personas que estaban en la fila\u00a0<strong>comenzaron a saltar las rejas para ingresar de manera irregular<\/strong>&#8220;.<\/p>\n\n\n\n<figure class=\"wp-block-embed-youtube wp-block-embed is-type-video is-provider-youtube wp-embed-aspect-16-9 wp-has-aspect-ratio\"><div class=\"wp-block-embed__wrapper\">\n<div class=\"epyt-video-wrapper\"><iframe  id=\"_ytid_74810\"  width=\"1170\" height=\"658\"  data-origwidth=\"1170\" data-origheight=\"658\" src=\"https:\/\/www.youtube.com\/embed\/pR0cURhp6y8?enablejsapi=1&#038;autoplay=0&#038;cc_load_policy=0&#038;cc_lang_pref=&#038;iv_load_policy=1&#038;loop=1&#038;playlist=pR0cURhp6y8&#038;rel=1&#038;fs=1&#038;playsinline=0&#038;autohide=2&#038;theme=dark&#038;color=red&#038;controls=1&#038;disablekb=0&#038;\" class=\"__youtube_prefs__  epyt-is-override  no-lazyload\" title=\"YouTube player\"  allow=\"fullscreen; accelerometer; autoplay; clipboard-write; encrypted-media; gyroscope; picture-in-picture; web-share\" referrerpolicy=\"strict-origin-when-cross-origin\" allowfullscreen data-no-lazy=\"1\" data-skipgform_ajax_framebjll=\"\"><\/iframe><\/div>\n<\/div><\/figure>\n\n\n\n<p>&#8220;Ante esa situaci\u00f3n, se suspendi\u00f3 por unos minutos el ingreso. Cuando se volvi\u00f3 a habilitar algunas personas ingresaron r\u00e1pidamente, sin cumplir las indicaciones del personal a cargo&#8221;, se\u00f1ala la nota oficial.<\/p>\n\n\n\n<p>Por ello, la Casa Militar, que tiene a su cargo la seguridad presidencial, habilit\u00f3 un conducto de salida por el Patio de las Palmeras y la explanada de acceso a la Casa Rosada, donde los fan\u00e1ticos permanecieron con c\u00e1nticos durante unos minutos.<\/p>\n\n\n\n<p>&#8220;Una vez que se control\u00f3 de manera pac\u00edfica la situaci\u00f3n, la familia transmiti\u00f3 su deseo y voluntad de dar por concluida la ceremonia&#8221;, se\u00f1ala el comunicado.\u00a0<\/p>\n\n\n\n<p><\/p>\n\n\n\n<p style=\"font-size:9px\"><em>Fuente: Informador.<\/em><\/p>\n<div class='share-to-whatsapp-wrapper'><div class='share-on-whsp'>Share on: <\/div><a data-text='Cuerpo de Diego Armando Maradona es trasladado al cementerio' data-link='https:\/\/portaltactica.com\/?p=43121' class='whatsapp-button whatsapp-share'>WhatsApp<\/a><div class='clear '><\/div><\/div>","protected":false},"excerpt":{"rendered":"<p>El cortejo f\u00fanebre con los restos del astro del futbol argentino\u00a0Diego Maradona sale de la Casa Rosada\u00a0 El cortejo f\u00fanebre con&hellip;<\/p>\n","protected":false},"author":2,"featured_media":43122,"comment_status":"open","ping_status":"open","sticky":false,"template":"","format":"standard","meta":{"advanced_seo_description":"","jetpack_seo_html_title":"","jetpack_seo_noindex":false,"_jetpack_memberships_contains_paid_content":false,"footnotes":"","jetpack_publicize_message":"","jetpack_publicize_feature_enabled":true,"jetpack_social_post_already_shared":true,"jetpack_social_options":{"image_generator_settings":{"template":"highway","default_image_id":0,"font":"","enabled":false},"version":2}},"categories":[1896],"tags":[4267],"class_list":["post-43121","post","type-post","status-publish","format-standard","has-post-thumbnail","hentry","category-destacado-portada","tag-diego-armando-maradona"],"jetpack_publicize_connections":[],"jetpack_featured_media_url":"https:\/\/portaltactica.com\/wp-content\/uploads\/2020\/11\/17-2.jpg","jetpack_sharing_enabled":true,"_links":{"self":[{"href":"https:\/\/portaltactica.com\/index.php?rest_route=\/wp\/v2\/posts\/43121","targetHints":{"allow":["GET"]}}],"collection":[{"href":"https:\/\/portaltactica.com\/index.php?rest_route=\/wp\/v2\/posts"}],"about":[{"href":"https:\/\/portaltactica.com\/index.php?rest_route=\/wp\/v2\/types\/post"}],"author":[{"embeddable":true,"href":"https:\/\/portaltactica.com\/index.php?rest_route=\/wp\/v2\/users\/2"}],"replies":[{"embeddable":true,"href":"https:\/\/portaltactica.com\/index.php?rest_route=%2Fwp%2Fv2%2Fcomments&post=43121"}],"version-history":[{"count":1,"href":"https:\/\/portaltactica.com\/index.php?rest_route=\/wp\/v2\/posts\/43121\/revisions"}],"predecessor-version":[{"id":43123,"href":"https:\/\/portaltactica.com\/index.php?rest_route=\/wp\/v2\/posts\/43121\/revisions\/43123"}],"wp:featuredmedia":[{"embeddable":true,"href":"https:\/\/portaltactica.com\/index.php?rest_route=\/wp\/v2\/media\/43122"}],"wp:attachment":[{"href":"https:\/\/portaltactica.com\/index.php?rest_route=%2Fwp%2Fv2%2Fmedia&parent=43121"}],"wp:term":[{"taxonomy":"category","embeddable":true,"href":"https:\/\/portaltactica.com\/index.php?rest_route=%2Fwp%2Fv2%2Fcategories&post=43121"},{"taxonomy":"post_tag","embeddable":true,"href":"https:\/\/portaltactica.com\/index.php?rest_route=%2Fwp%2Fv2%2Ftags&post=43121"}],"curies":[{"name":"wp","href":"https:\/\/api.w.org\/{rel}","templated":true}]}}