{"id":42949,"date":"2020-11-23T12:30:09","date_gmt":"2020-11-23T19:30:09","guid":{"rendered":"https:\/\/portaltactica.com\/?p=42949"},"modified":"2020-11-23T12:30:22","modified_gmt":"2020-11-23T19:30:22","slug":"ibrahimovic-sera-baja-por-3-semanas-debido-a-lesion","status":"publish","type":"post","link":"https:\/\/portaltactica.com\/?p=42949","title":{"rendered":"Ibrahimovic ser\u00e1 baja por 3 semanas debido a lesi\u00f3n"},"content":{"rendered":"\n<p>Zlatan Ibrahimovic es el goleador de la Serie A al momento con 10 goles, pero tendr\u00e1 que ausentarse hasta por tres semanas, luego de que saliera lesionado ante el Napoli por tema muscular.\u00a0 <\/p>\n\n\n\n<p>Por ello, el sueco se perder\u00e1 tambi\u00e9n el jueves el duelo de la Europa League ante el Lille, donde el Milan busca sumar puntos para seguir en la pelea por la clasificaci\u00f3n.\u00a0 <\/p>\n\n\n\n<p>Ello porque este lunes, informaci\u00f3n desde italia, particularmente del sitio MilanNewsIt, especializado en informaci\u00f3n del Milan, se\u00f1al\u00f3 que el veterano de 39 a\u00f1os tuvo una lesi\u00f3n en el m\u00fasculo isquiotibial de la pierna izquierda. <\/p>\n\n\n\n<figure class=\"wp-block-image size-large\"><img fetchpriority=\"high\" decoding=\"async\" width=\"840\" height=\"652\" src=\"https:\/\/portaltactica.com\/wp-content\/uploads\/2020\/11\/3-21-840x652.jpg\" alt=\"\" class=\"wp-image-42952\" \/><\/figure>\n\n\n\n<figure class=\"wp-block-embed-twitter wp-block-embed is-type-rich is-provider-twitter\"><div class=\"wp-block-embed__wrapper\">\n<blockquote class=\"twitter-tweet\" data-width=\"550\" data-dnt=\"true\"><p lang=\"it\" dir=\"ltr\">Per <a href=\"https:\/\/twitter.com\/hashtag\/Ibrahimovic?src=hash&amp;ref_src=twsrc%5Etfw\">#Ibrahimovic<\/a> Lesione muscolo bicipite femorale della coscia sinistra. Un esame di controllo verr\u00e0 effettuato fra 10 giorni<br>Per <a href=\"https:\/\/twitter.com\/hashtag\/Saelemaekers?src=hash&amp;ref_src=twsrc%5Etfw\">#Saelemaekers<\/a> Trauma distorsivo caviglia sinistra di primo grado<\/p>&mdash; Antonio Vitiello (@AntoVitiello) <a href=\"https:\/\/twitter.com\/AntoVitiello\/status\/1330849266613489665?ref_src=twsrc%5Etfw\">November 23, 2020<\/a><\/blockquote><script async src=\"https:\/\/platform.twitter.com\/widgets.js\" charset=\"utf-8\"><\/script>\n<\/div><\/figure>\n\n\n\n<p>LE HAR\u00c1N OTROS ESTUDIOS EN DIEZ D\u00cdAS\u00a0 <\/p>\n\n\n\n<p>Adem\u00e1s, de acuerdo al periodista Antonio Vitiello, director del mencionado sitio, a Zlatan se le realizar\u00e1 un estudio de control dentro de 10 d\u00edas para saber la evoluci\u00f3n de su lesi\u00f3n. <\/p>\n\n\n\n<p>Cabe recordar que este domingo, Ibrahimovic marc\u00f3 un doblete en la victoria como visitante del Milan al Napoli por 1-3, donde Zlatan marc\u00f3 un doblete y Chucky Lozano jug\u00f3 55 minutos.\u00a0 <\/p>\n\n\n\n<p><\/p>\n\n\n\n<p style=\"font-size:9px\"><em>Fuente: Mediotiempo.<\/em><\/p>\n<div class='share-to-whatsapp-wrapper'><div class='share-on-whsp'>Share on: <\/div><a data-text='Ibrahimovic ser\u00e1 baja por 3 semanas debido a lesi\u00f3n' data-link='https:\/\/portaltactica.com\/?p=42949' class='whatsapp-button whatsapp-share'>WhatsApp<\/a><div class='clear '><\/div><\/div>","protected":false},"excerpt":{"rendered":"<p>Zlatan Ibrahimovic es el goleador de la Serie A al momento con 10 goles, pero tendr\u00e1 que ausentarse hasta por tres&hellip;<\/p>\n","protected":false},"author":2,"featured_media":42950,"comment_status":"open","ping_status":"open","sticky":false,"template":"","format":"standard","meta":{"advanced_seo_description":"","jetpack_seo_html_title":"","jetpack_seo_noindex":false,"_jetpack_memberships_contains_paid_content":false,"footnotes":"","jetpack_publicize_message":"","jetpack_publicize_feature_enabled":true,"jetpack_social_post_already_shared":true,"jetpack_social_options":{"image_generator_settings":{"template":"highway","default_image_id":0,"font":"","enabled":false},"version":2}},"categories":[1896],"tags":[1530],"class_list":["post-42949","post","type-post","status-publish","format-standard","has-post-thumbnail","hentry","category-destacado-portada","tag-zlatan-ibrahimovic"],"jetpack_publicize_connections":[],"jetpack_featured_media_url":"https:\/\/portaltactica.com\/wp-content\/uploads\/2020\/11\/4-19.jpg","jetpack_sharing_enabled":true,"_links":{"self":[{"href":"https:\/\/portaltactica.com\/index.php?rest_route=\/wp\/v2\/posts\/42949","targetHints":{"allow":["GET"]}}],"collection":[{"href":"https:\/\/portaltactica.com\/index.php?rest_route=\/wp\/v2\/posts"}],"about":[{"href":"https:\/\/portaltactica.com\/index.php?rest_route=\/wp\/v2\/types\/post"}],"author":[{"embeddable":true,"href":"https:\/\/portaltactica.com\/index.php?rest_route=\/wp\/v2\/users\/2"}],"replies":[{"embeddable":true,"href":"https:\/\/portaltactica.com\/index.php?rest_route=%2Fwp%2Fv2%2Fcomments&post=42949"}],"version-history":[{"count":1,"href":"https:\/\/portaltactica.com\/index.php?rest_route=\/wp\/v2\/posts\/42949\/revisions"}],"predecessor-version":[{"id":42953,"href":"https:\/\/portaltactica.com\/index.php?rest_route=\/wp\/v2\/posts\/42949\/revisions\/42953"}],"wp:featuredmedia":[{"embeddable":true,"href":"https:\/\/portaltactica.com\/index.php?rest_route=\/wp\/v2\/media\/42950"}],"wp:attachment":[{"href":"https:\/\/portaltactica.com\/index.php?rest_route=%2Fwp%2Fv2%2Fmedia&parent=42949"}],"wp:term":[{"taxonomy":"category","embeddable":true,"href":"https:\/\/portaltactica.com\/index.php?rest_route=%2Fwp%2Fv2%2Fcategories&post=42949"},{"taxonomy":"post_tag","embeddable":true,"href":"https:\/\/portaltactica.com\/index.php?rest_route=%2Fwp%2Fv2%2Ftags&post=42949"}],"curies":[{"name":"wp","href":"https:\/\/api.w.org\/{rel}","templated":true}]}}