{"id":42908,"date":"2020-11-21T08:38:43","date_gmt":"2020-11-21T15:38:43","guid":{"rendered":"https:\/\/portaltactica.com\/?p=42908"},"modified":"2020-11-21T08:38:48","modified_gmt":"2020-11-21T15:38:48","slug":"fallece-el-medallista-olimpico-mexicano-ernesto-canto","status":"publish","type":"post","link":"https:\/\/portaltactica.com\/?p=42908","title":{"rendered":"Fallece el medallista ol\u00edmpico mexicano Ernesto Canto"},"content":{"rendered":"\n<p>Ernesto Canto, marchista mexicano medallista de oro en los Juego Ol\u00edmpicos de Los Angeles, falleci\u00f3 este viernes, seg\u00fan inform\u00f3 el Comit\u00e9 Ol\u00edmpico Mexicana a traves de sus redes sociales.<\/p>\n\n\n\n<figure class=\"wp-block-embed-twitter wp-block-embed is-type-rich is-provider-twitter\"><div class=\"wp-block-embed__wrapper\">\n<blockquote class=\"twitter-tweet\" data-width=\"550\" data-dnt=\"true\"><p lang=\"es\" dir=\"ltr\">La <a href=\"https:\/\/twitter.com\/hashtag\/FamiliaOl%C3%ADmpica?src=hash&amp;ref_src=twsrc%5Etfw\">#FamiliaOl\u00edmpica<\/a> mexicana lamenta el deceso de <a href=\"https:\/\/twitter.com\/ErnestoCantoG?ref_src=twsrc%5Etfw\">@ErnestoCantoG<\/a>, Miembro del Comit\u00e9 Ejecutivo del COM y un \u00edcono de la marcha mundial; gan\u00f3 todo y se consagr\u00f3 con el oro obtenido en los 20 km de los JO Los \u00c1ngeles 84.<br>Le deseamos a sus seres queridos pronta resignaci\u00f3n. QEPD <a href=\"https:\/\/t.co\/0NuyGMw5Gy\">pic.twitter.com\/0NuyGMw5Gy<\/a><\/p>&mdash; Comit\u00e9 Ol\u00edmpico MEX (@COM_Mexico) <a href=\"https:\/\/twitter.com\/COM_Mexico\/status\/1329878154052308992?ref_src=twsrc%5Etfw\">November 20, 2020<\/a><\/blockquote><script async src=\"https:\/\/platform.twitter.com\/widgets.js\" charset=\"utf-8\"><\/script>\n<\/div><\/figure>\n\n\n\n<p>&#8220;La #FamiliaOl\u00edmpica mexicana lamenta el deceso de @ErnestoCantoG , Miembro del Comit\u00e9 Ejecutivo del COM y un \u00edcono de la marcha mundial; gan\u00f3 todo y se consagr\u00f3 con el oro obtenido en los 20 km de los JO Los \u00c1ngeles 84. Le deseamos a sus seres queridos pronta resignaci\u00f3n. QEPD&#8221;, se\u00f1ala el mensaje.<\/p>\n\n\n\n<p>El COM asegura que el medallista de oro en los 20 km de marcha de los Juegos Ol\u00edmpicos de Los \u00c1ngeles 1984 pereci\u00f3 despu\u00e9s de sufrir c\u00e1ncer de p\u00e1ncreas.<\/p>\n\n\n\n<p>El marchista inform\u00f3 hace unos d\u00edas que luchaba contra una enfermedad por lo que agradeci\u00f3 los mensajes de apoyo y aliento que le han llegado en las \u00faltimas horas, mismos que le sirvieron para tener m\u00e1s \u00e1nimo.<\/p>\n\n\n\n<p>\u201cBuenos d\u00edas medios de comunicaci\u00f3n amigos y familia ol\u00edmpica. Les comunico que estoy luchando contra una enfermedad. Agradezco a todos ustedes sus sinceras palabras de aliento y preocupaci\u00f3n por mi estado de salud, cada d\u00eda recupero fuerza y \u00e1nimo para seguir adelante\u201d, escribi\u00f3 el atleta a trav\u00e9s de su cuenta de\u00a0<em>Twitter<\/em>.<\/p>\n\n\n\n<figure class=\"wp-block-image size-large\"><img fetchpriority=\"high\" decoding=\"async\" width=\"570\" height=\"321\" src=\"https:\/\/portaltactica.com\/wp-content\/uploads\/2020\/11\/3-19.jpg\" alt=\"\" class=\"wp-image-42909\" \/><\/figure>\n\n\n\n<p>Canto, quien cumpli\u00f3 61 a\u00f1os el pasado 18 de octubre, comenz\u00f3 a triunfar en el atletismo a finales de los 70, pero entr\u00f3 a la \u00e9lite mundial en 1981, cuando le dieron el Premio Nacional de Deporte, luego de varias girar que hab\u00eda hecho en Europa, donde mostr\u00f3 superioridad.<\/p>\n\n\n\n<p>El camino a Los \u00c1ngeles comenz\u00f3 en 1982 con una presea dorada en los Juegos Centroamericanos y del Caribe, mismos que se celebraron en la Habana, Cuba.<\/p>\n\n\n\n<p>Su carrera sigui\u00f3 en ascenso en 1983, a\u00f1o en el que consigui\u00f3 el campeonato mundial tras parar el cronometro en 1:20:49 en la pista de Helsinki, Finlandia, adem\u00e1s de que recibi\u00f3 el trofeo de la Hispanidad, logros que la Federaci\u00f3n Internacional de Atletismo Amateur (IAAF) lo nombr\u00f3 como el \u201cMejor Andar\u00edn del Mundo\u201d.<\/p>\n\n\n\n<p>En 1984 lleg\u00f3 al cl\u00edmax de su carrera, pues primero impuso marca mundial de la hora en el Grand Prix de Softland en Bergen, Noruega y posteriormente rompi\u00f3 r\u00e9cord en la prueba de 20 kil\u00f3metros con 1:18:38.<\/p>\n\n\n\n<p>El momento esperado tuvo lugar en el Memorial Coliseum de Los \u00c1ngeles, donde cruz\u00f3 la meta en 1:23:13 para colgarse la medalla ol\u00edmpica de oro.<\/p>\n\n\n\n<p>Adem\u00e1s, Canto gan\u00f3 en 1973 y 1976 el Campeonato Centroamericano y del Caribe Juvenil en la distancia de 10 km.<\/p>\n\n\n\n<p>En su b\u00fasqueda por subirse al podio ol\u00edmpico, en 1980 consigui\u00f3 la mejor marca mundial del a\u00f1o en 20 km marcha con una marca de 1:19:01.<\/p>\n\n\n\n<p>Recibi\u00f3 el Premio Nacional del Deporte por el Gobierno de la Rep\u00fablica en 1981 y Nominado al Mejor Atleta Mexicano de la Historia, Masters Comex &amp; ESPN en 2017.<\/p>\n\n\n\n<p><\/p>\n\n\n\n<p style=\"font-size:9px\"><em>Fuente: ESPN.<\/em><\/p>\n<div class='share-to-whatsapp-wrapper'><div class='share-on-whsp'>Share on: <\/div><a data-text='Fallece el medallista ol\u00edmpico mexicano Ernesto Canto' data-link='https:\/\/portaltactica.com\/?p=42908' class='whatsapp-button whatsapp-share'>WhatsApp<\/a><div class='clear '><\/div><\/div>","protected":false},"excerpt":{"rendered":"<p>Ernesto Canto, marchista mexicano medallista de oro en los Juego Ol\u00edmpicos de Los Angeles, falleci\u00f3 este viernes, seg\u00fan inform\u00f3 el Comit\u00e9&hellip;<\/p>\n","protected":false},"author":2,"featured_media":42910,"comment_status":"open","ping_status":"open","sticky":false,"template":"","format":"standard","meta":{"advanced_seo_description":"","jetpack_seo_html_title":"","jetpack_seo_noindex":false,"_jetpack_memberships_contains_paid_content":false,"footnotes":"","jetpack_publicize_message":"","jetpack_publicize_feature_enabled":true,"jetpack_social_post_already_shared":true,"jetpack_social_options":{"image_generator_settings":{"template":"highway","default_image_id":0,"font":"","enabled":false},"version":2}},"categories":[1897],"tags":[4253],"class_list":["post-42908","post","type-post","status-publish","format-standard","has-post-thumbnail","hentry","category-destacado-nacional","tag-ernesto-canto"],"jetpack_publicize_connections":[],"jetpack_featured_media_url":"https:\/\/portaltactica.com\/wp-content\/uploads\/2020\/11\/4-17.jpg","jetpack_sharing_enabled":true,"_links":{"self":[{"href":"https:\/\/portaltactica.com\/index.php?rest_route=\/wp\/v2\/posts\/42908","targetHints":{"allow":["GET"]}}],"collection":[{"href":"https:\/\/portaltactica.com\/index.php?rest_route=\/wp\/v2\/posts"}],"about":[{"href":"https:\/\/portaltactica.com\/index.php?rest_route=\/wp\/v2\/types\/post"}],"author":[{"embeddable":true,"href":"https:\/\/portaltactica.com\/index.php?rest_route=\/wp\/v2\/users\/2"}],"replies":[{"embeddable":true,"href":"https:\/\/portaltactica.com\/index.php?rest_route=%2Fwp%2Fv2%2Fcomments&post=42908"}],"version-history":[{"count":1,"href":"https:\/\/portaltactica.com\/index.php?rest_route=\/wp\/v2\/posts\/42908\/revisions"}],"predecessor-version":[{"id":42911,"href":"https:\/\/portaltactica.com\/index.php?rest_route=\/wp\/v2\/posts\/42908\/revisions\/42911"}],"wp:featuredmedia":[{"embeddable":true,"href":"https:\/\/portaltactica.com\/index.php?rest_route=\/wp\/v2\/media\/42910"}],"wp:attachment":[{"href":"https:\/\/portaltactica.com\/index.php?rest_route=%2Fwp%2Fv2%2Fmedia&parent=42908"}],"wp:term":[{"taxonomy":"category","embeddable":true,"href":"https:\/\/portaltactica.com\/index.php?rest_route=%2Fwp%2Fv2%2Fcategories&post=42908"},{"taxonomy":"post_tag","embeddable":true,"href":"https:\/\/portaltactica.com\/index.php?rest_route=%2Fwp%2Fv2%2Ftags&post=42908"}],"curies":[{"name":"wp","href":"https:\/\/api.w.org\/{rel}","templated":true}]}}