{"id":4169,"date":"2019-02-06T15:33:13","date_gmt":"2019-02-06T22:33:13","guid":{"rendered":"https:\/\/portaltactica.com\/?p=4169"},"modified":"2019-02-06T15:33:19","modified_gmt":"2019-02-06T22:33:19","slug":"pone-imdem-en-marcha-liga-de-voleibol-infantil-mixta-en-el-armadillo","status":"publish","type":"post","link":"https:\/\/portaltactica.com\/?p=4169","title":{"rendered":"Pone Imdem en marcha Liga de Voleibol Infantil Mixta en El Armadillo"},"content":{"rendered":"\n<p class=\"has-medium-font-size\"><strong>El equipo de Promoci\u00f3n Deportiva Rural del Instituto Municipal del Deporte de Mazatl\u00e1n lleva la \u201cfiebre voleibolera\u201d a la comunidad<\/strong><\/p>\n\n\n\n<p>Decenas de ni\u00f1os, ni\u00f1as y j\u00f3venes pondr\u00e1n a prueba sus dotes en el voleibol de sala con la puesta en marcha de la liga infantil mixta, en la Primaria Tierra y Libertad de la comunidad del Armadillo.<\/p>\n\n\n\n<p>El equipo de Promoci\u00f3n Deportiva del Instituto Municipal del\nDeporte de Mazatl\u00e1n se traslad\u00f3 hasta la localidad para llevar la \u201cfiebre\nvoleibolera rural\u201d, con el objetivo de activar al mayor n\u00famero de jugadores\nposible.<\/p>\n\n\n\n<p>La inauguraci\u00f3n corri\u00f3 a cargo de Georgia Castro Herrera,\ndirectora del plantel y promotora deportiva, quien present\u00f3 a los invitados a\nla mesa de honor, los profesores Martha Patricia Castro Uribe y C\u00e9sar David\nArregui Romero.<\/p>\n\n\n\n<p>El primer saque de la competencia correspondi\u00f3 al \u201cprofe\u201d\nArregui Romero, mientras que el encargado de Promoci\u00f3n Deportiva del Imdem en\nla zona rural, Alfredo Crespo Ortiz, realiz\u00f3 la toma de protesta a los\njugadores.<\/p>\n\n\n\n<p class=\"has-medium-font-size\"><strong>Material deportivo<\/strong><\/p>\n\n\n\n<p>Tras culminar la ceremonia de apertura, el encargado de\nPromoci\u00f3n Deportiva en la zona rural, Alfredo Crespo Ortiz, se traslad\u00f3 a la\ntelesecundaria 264 de la comunidad, para realizar la entrega de material\ndeportivo, que recibi\u00f3 el maestro C\u00e9sar David Arangur\u00e9 Romero, por ausencia de\nla directora Dalia Oliva Baz\u00faa Rodr\u00edguez.<\/p>\n\n\n\n<p class=\"has-medium-font-size\"><strong>EQUIPOS PARTICIPANTES<\/strong><\/p>\n\n\n\n<p><strong>Categor\u00eda Infantil<\/strong><\/p>\n\n\n\n<ul class=\"wp-block-list\"><li>Halcones<\/li><li>Am\u00e9rica<\/li><li>Dorados<\/li><li>M\u00e9xico<\/li><\/ul>\n\n\n\n<p><strong>Categor\u00eda Juvenil<\/strong><\/p>\n\n\n\n<ul class=\"wp-block-list\"><li>Lobos <\/li><li>\u00c1guilas<\/li><li>Venados<\/li><\/ul>\n\n\n\n<ul class=\"wp-block-gallery columns-1 is-cropped wp-block-gallery-1 is-layout-flex wp-block-gallery-is-layout-flex\"><li class=\"blocks-gallery-item\"><figure><img fetchpriority=\"high\" decoding=\"async\" width=\"502\" height=\"1032\" src=\"https:\/\/i2.wp.com\/portaltactica.com\/wp-content\/uploads\/2019\/02\/WhatsApp-Image-2019-02-06-at-2.54.03-PM.jpeg?fit=502%2C840&amp;ssl=1\" alt=\"\" data-id=\"4171\" data-link=\"https:\/\/portaltactica.com\/?attachment_id=4171\" class=\"wp-image-4171\"\/><\/figure><\/li><li class=\"blocks-gallery-item\"><figure><img decoding=\"async\" width=\"1032\" height=\"502\" src=\"https:\/\/i1.wp.com\/portaltactica.com\/wp-content\/uploads\/2019\/02\/WhatsApp-Image-2019-02-06-at-2.54.00-PM.jpeg?fit=640%2C382&amp;ssl=1\" alt=\"\" data-id=\"4172\" data-link=\"https:\/\/portaltactica.com\/?attachment_id=4172\" class=\"wp-image-4172\" srcset=\"https:\/\/portaltactica.com\/wp-content\/uploads\/2019\/02\/WhatsApp-Image-2019-02-06-at-2.54.00-PM.jpeg 1032w, https:\/\/portaltactica.com\/wp-content\/uploads\/2019\/02\/WhatsApp-Image-2019-02-06-at-2.54.00-PM-768x374.jpeg 768w\" sizes=\"(max-width: 1032px) 100vw, 1032px\" \/><\/figure><\/li><li class=\"blocks-gallery-item\"><figure><img decoding=\"async\" width=\"502\" height=\"1032\" src=\"https:\/\/i2.wp.com\/portaltactica.com\/wp-content\/uploads\/2019\/02\/WhatsApp-Image-2019-02-06-at-2.53.56-PM.jpeg?fit=502%2C840&amp;ssl=1\" alt=\"\" data-id=\"4173\" data-link=\"https:\/\/portaltactica.com\/?attachment_id=4173\" class=\"wp-image-4173\"\/><\/figure><\/li><li class=\"blocks-gallery-item\"><figure><img loading=\"lazy\" decoding=\"async\" width=\"1032\" height=\"502\" src=\"https:\/\/i1.wp.com\/portaltactica.com\/wp-content\/uploads\/2019\/02\/WhatsApp-Image-2019-02-06-at-2.53.52-PM.jpeg?fit=640%2C382&amp;ssl=1\" alt=\"\" data-id=\"4174\" data-link=\"https:\/\/portaltactica.com\/?attachment_id=4174\" class=\"wp-image-4174\" srcset=\"https:\/\/portaltactica.com\/wp-content\/uploads\/2019\/02\/WhatsApp-Image-2019-02-06-at-2.53.52-PM.jpeg 1032w, https:\/\/portaltactica.com\/wp-content\/uploads\/2019\/02\/WhatsApp-Image-2019-02-06-at-2.53.52-PM-768x374.jpeg 768w\" sizes=\"(max-width: 1032px) 100vw, 1032px\" \/><\/figure><\/li><\/ul>\n<div class='share-to-whatsapp-wrapper'><div class='share-on-whsp'>Share on: <\/div><a data-text='Pone Imdem en marcha Liga de Voleibol Infantil Mixta en El Armadillo' data-link='https:\/\/portaltactica.com\/?p=4169' class='whatsapp-button whatsapp-share'>WhatsApp<\/a><div class='clear '><\/div><\/div>","protected":false},"excerpt":{"rendered":"<p>El equipo de Promoci\u00f3n Deportiva Rural del Instituto Municipal del Deporte de Mazatl\u00e1n lleva la \u201cfiebre voleibolera\u201d a la comunidad Decenas&hellip;<\/p>\n","protected":false},"author":1,"featured_media":4170,"comment_status":"open","ping_status":"open","sticky":false,"template":"","format":"standard","meta":{"advanced_seo_description":"","jetpack_seo_html_title":"","jetpack_seo_noindex":false,"_jetpack_memberships_contains_paid_content":false,"footnotes":"","jetpack_publicize_message":"","jetpack_publicize_feature_enabled":true,"jetpack_social_post_already_shared":true,"jetpack_social_options":{"image_generator_settings":{"template":"highway","default_image_id":0,"font":"","enabled":false},"version":2}},"categories":[10],"tags":[37],"class_list":["post-4169","post","type-post","status-publish","format-standard","has-post-thumbnail","hentry","category-mazatlan","tag-imdem"],"jetpack_publicize_connections":[],"jetpack_featured_media_url":"https:\/\/portaltactica.com\/wp-content\/uploads\/2019\/02\/WhatsApp-Image-2019-02-06-at-2.54.02-PM.jpeg","jetpack_sharing_enabled":true,"_links":{"self":[{"href":"https:\/\/portaltactica.com\/index.php?rest_route=\/wp\/v2\/posts\/4169","targetHints":{"allow":["GET"]}}],"collection":[{"href":"https:\/\/portaltactica.com\/index.php?rest_route=\/wp\/v2\/posts"}],"about":[{"href":"https:\/\/portaltactica.com\/index.php?rest_route=\/wp\/v2\/types\/post"}],"author":[{"embeddable":true,"href":"https:\/\/portaltactica.com\/index.php?rest_route=\/wp\/v2\/users\/1"}],"replies":[{"embeddable":true,"href":"https:\/\/portaltactica.com\/index.php?rest_route=%2Fwp%2Fv2%2Fcomments&post=4169"}],"version-history":[{"count":1,"href":"https:\/\/portaltactica.com\/index.php?rest_route=\/wp\/v2\/posts\/4169\/revisions"}],"predecessor-version":[{"id":4175,"href":"https:\/\/portaltactica.com\/index.php?rest_route=\/wp\/v2\/posts\/4169\/revisions\/4175"}],"wp:featuredmedia":[{"embeddable":true,"href":"https:\/\/portaltactica.com\/index.php?rest_route=\/wp\/v2\/media\/4170"}],"wp:attachment":[{"href":"https:\/\/portaltactica.com\/index.php?rest_route=%2Fwp%2Fv2%2Fmedia&parent=4169"}],"wp:term":[{"taxonomy":"category","embeddable":true,"href":"https:\/\/portaltactica.com\/index.php?rest_route=%2Fwp%2Fv2%2Fcategories&post=4169"},{"taxonomy":"post_tag","embeddable":true,"href":"https:\/\/portaltactica.com\/index.php?rest_route=%2Fwp%2Fv2%2Ftags&post=4169"}],"curies":[{"name":"wp","href":"https:\/\/api.w.org\/{rel}","templated":true}]}}