{"id":41370,"date":"2020-10-21T13:16:41","date_gmt":"2020-10-21T19:16:41","guid":{"rendered":"https:\/\/portaltactica.com\/?p=41370"},"modified":"2020-10-21T13:16:52","modified_gmt":"2020-10-21T19:16:52","slug":"falle-con-mesut-ozil-dice-el-tecnico-del-arsenal-mikel-arteta","status":"publish","type":"post","link":"https:\/\/portaltactica.com\/?p=41370","title":{"rendered":"&#8216;Fall\u00e9 con Mesut \u00d6zil&#8217;, dice el t\u00e9cnico del Arsenal Mikel Arteta"},"content":{"rendered":"\n<p>El t\u00e9cnico del Arsenal, Mikel Arteta, dice que siente que ha &#8220;fallado&#8221; con el mediocampista Mesut Ozil despu\u00e9s de dejarlo fuera de su equipo de 25 jugadores de la Premier League.<\/p>\n\n\n\n<p>El alem\u00e1n, que tambi\u00e9n hab\u00eda sido\u00a0excluido del equipo de la Europa League,\u00a0ahora solo puede jugar en el Arsenal Sub-23 hasta que su contrato expire en el verano de 2021.<\/p>\n\n\n\n<p>El jugador de 32 a\u00f1os, que se uni\u00f3 al Arsenal por un entonces r\u00e9cord del club de \u00a3 42,4 millones en 2013, no juega para el club desde el 7 de marzo.<\/p>\n\n\n\n<p>&#8220;Mi conciencia est\u00e1 muy tranquila porque he sido realmente justo&#8221;, dijo Arteta.<\/p>\n\n\n\n<p>&#8220;Lo que puedo decir de mi parte es que es solo una decisi\u00f3n futbol\u00edstica. Mi nivel de comunicaci\u00f3n con \u00e9l ha sido realmente alto y sabemos qu\u00e9 esperar el uno del otro.<\/p>\n\n\n\n<p>&#8220;Obviamente un jugador de esa dimensi\u00f3n, con la carrera que ha tenido, todo lo que pasa a su alrededor tiene un gran impacto. Ha sido el caso durante los \u00faltimos ocho a\u00f1os, no es nada nuevo lo que acaba de pasar ahora. Muchas cosas han ocurrido durante estos ocho a\u00f1os.<\/p>\n\n\n\n<p>&#8220;Mi trabajo es sacar lo mejor de cada jugador, contribuir al rendimiento del equipo.<\/p>\n\n\n\n<p>&#8220;Aqu\u00ed siento en este momento, hoy, que he fallado. Quiero el mejor Mesut posible para el equipo. Y en algunos momentos pude acercarme a eso, y de momento no lo he podido hacer&#8221;. porque tengo que tomar la decisi\u00f3n de dejarlo fuera de la plantilla &#8220;.<\/p>\n\n\n\n<h3 class=\"wp-block-heading\">&#8216;La lealtad es dif\u00edcil de conseguir hoy en d\u00eda&#8217;<\/h3>\n\n\n\n<p>Anteriormente, en un mensaje a los fan\u00e1ticos del Arsenal, Ozil dijo que &#8220;la lealtad es dif\u00edcil de conseguir hoy en d\u00eda&#8221;.<\/p>\n\n\n\n<p>&#8220;Estoy realmente profundamente decepcionado por el hecho de que no me he inscrito para la temporada de la Premier League por el momento&#8221;, escribi\u00f3 Ozil en\u00a0las redes sociales.<\/p>\n\n\n\n<p>&#8220;Al firmar mi nuevo contrato en 2018, promet\u00ed mi lealtad y lealtad al club que amo, el Arsenal, y me entristece que esto no haya sido correspondido.<\/p>\n\n\n\n<p>&#8220;Siempre he tratado de mantenerme positivo de una semana a otra de que tal vez haya una posibilidad de volver al equipo pronto. Por eso he guardado silencio hasta ahora&#8221;.<\/p>\n\n\n\n<figure class=\"wp-block-image size-large\"><img fetchpriority=\"high\" decoding=\"async\" width=\"800\" height=\"450\" src=\"https:\/\/portaltactica.com\/wp-content\/uploads\/2020\/10\/1-18.jpg\" alt=\"\" class=\"wp-image-41372\" srcset=\"https:\/\/portaltactica.com\/wp-content\/uploads\/2020\/10\/1-18.jpg 800w, https:\/\/portaltactica.com\/wp-content\/uploads\/2020\/10\/1-18-500x280.jpg 500w, https:\/\/portaltactica.com\/wp-content\/uploads\/2020\/10\/1-18-768x432.jpg 768w, https:\/\/portaltactica.com\/wp-content\/uploads\/2020\/10\/1-18-585x329.jpg 585w\" sizes=\"(max-width: 800px) 100vw, 800px\" \/><\/figure>\n\n\n\n<p>Desde que lleg\u00f3 procedente del Real Madrid hace siete a\u00f1os, Ozil ha marcado 44 goles en 254 apariciones en todas las competiciones para los Gunners.<\/p>\n\n\n\n<p>Cay\u00f3 en desgracia con el manager anterior Unai Emery antes de regresar al lado del jefe interino Freddie Ljungberg.<\/p>\n\n\n\n<p>Despu\u00e9s del nombramiento de Arteta en diciembre de 2019, Ozil comenz\u00f3 los 10 partidos de la Premier League del Arsenal inmediatamente antes de que la pandemia de coronavirus forzara una suspensi\u00f3n de tres meses de la m\u00e1xima categor\u00eda en marzo.<\/p>\n\n\n\n<p>A principios de octubre, se\u00a0ofreci\u00f3 a pagar el salario de Jerry Quy,\u00a0el hombre que interpreta el papel de la mascota del club Gunnersaurus, quien fue uno de los 55 despidos en el club.<\/p>\n\n\n\n<p>&#8220;Antes de la ruptura del coronavirus, estaba muy contento con mi desarrollo con nuestro nuevo entrenador Mikel Arteta; hemos estado en un camino positivo y dir\u00eda que mis actuaciones estuvieron en un nivel realmente bueno&#8221;, agreg\u00f3 Ozil.<\/p>\n\n\n\n<p>&#8220;Pero luego las cosas cambiaron, de nuevo, y ya no se me permiti\u00f3 jugar al f\u00fatbol para el Arsenal. Pase lo que pase, seguir\u00e9 luchando por mi oportunidad y no dejar\u00e9 que mi octava temporada en el Arsenal termine as\u00ed&#8221;.<\/p>\n\n\n\n<p>&#8220;Puedo prometerles que esta dif\u00edcil decisi\u00f3n no cambiar\u00e1 nada en mi forma de pensar: continuar\u00e9 entrenando lo mejor que pueda y siempre que sea posible usar\u00e9 mi voz contra la inhumanidad y por la justicia&#8221;.<\/p>\n\n\n\n<p>El ex delantero del Arsenal e Inglaterra, Ian Wright, dijo que estaba &#8220;destrozado&#8221; por Ozil.<\/p>\n\n\n\n<p>&#8220;El f\u00fatbol nunca dejar\u00e1 de sorprenderme&#8221;, dijo en\u00a0Twitter.<\/p>\n\n\n\n<p>&#8220;El hecho de que lo que haya sucedido entre el club y Mesut no se haya podido resolver es triste. Triste para todos los involucrados y solo puedo enviarle fuerzas para lo que ser\u00e1n unos meses dif\u00edciles sabiendo que ni siquiera tendr\u00e1 la oportunidad de hacerlo&#8221;. jugar. Destripado &#8220;.<\/p>\n\n\n\n<p><\/p>\n\n\n\n<p style=\"font-size:9px\"><em>Fuente: BBC.<\/em><\/p>\n<div class='share-to-whatsapp-wrapper'><div class='share-on-whsp'>Share on: <\/div><a data-text=''Fall\u00e9 con Mesut \u00d6zil', dice el t\u00e9cnico del Arsenal Mikel Arteta' data-link='https:\/\/portaltactica.com\/?p=41370' class='whatsapp-button whatsapp-share'>WhatsApp<\/a><div class='clear '><\/div><\/div>","protected":false},"excerpt":{"rendered":"<p>El t\u00e9cnico del Arsenal, Mikel Arteta, dice que siente que ha &#8220;fallado&#8221; con el mediocampista Mesut Ozil despu\u00e9s de dejarlo fuera&hellip;<\/p>\n","protected":false},"author":2,"featured_media":41371,"comment_status":"open","ping_status":"open","sticky":false,"template":"","format":"standard","meta":{"advanced_seo_description":"","jetpack_seo_html_title":"","jetpack_seo_noindex":false,"_jetpack_memberships_contains_paid_content":false,"footnotes":"","jetpack_publicize_message":"","jetpack_publicize_feature_enabled":true,"jetpack_social_post_already_shared":true,"jetpack_social_options":{"image_generator_settings":{"template":"highway","default_image_id":0,"font":"","enabled":false},"version":2}},"categories":[1896],"tags":[298,2584,3085],"class_list":["post-41370","post","type-post","status-publish","format-standard","has-post-thumbnail","hentry","category-destacado-portada","tag-arsenal","tag-mesut-ozil","tag-mikel-arteta"],"jetpack_publicize_connections":[],"jetpack_featured_media_url":"https:\/\/portaltactica.com\/wp-content\/uploads\/2020\/10\/2-18.jpg","jetpack_sharing_enabled":true,"_links":{"self":[{"href":"https:\/\/portaltactica.com\/index.php?rest_route=\/wp\/v2\/posts\/41370","targetHints":{"allow":["GET"]}}],"collection":[{"href":"https:\/\/portaltactica.com\/index.php?rest_route=\/wp\/v2\/posts"}],"about":[{"href":"https:\/\/portaltactica.com\/index.php?rest_route=\/wp\/v2\/types\/post"}],"author":[{"embeddable":true,"href":"https:\/\/portaltactica.com\/index.php?rest_route=\/wp\/v2\/users\/2"}],"replies":[{"embeddable":true,"href":"https:\/\/portaltactica.com\/index.php?rest_route=%2Fwp%2Fv2%2Fcomments&post=41370"}],"version-history":[{"count":1,"href":"https:\/\/portaltactica.com\/index.php?rest_route=\/wp\/v2\/posts\/41370\/revisions"}],"predecessor-version":[{"id":41373,"href":"https:\/\/portaltactica.com\/index.php?rest_route=\/wp\/v2\/posts\/41370\/revisions\/41373"}],"wp:featuredmedia":[{"embeddable":true,"href":"https:\/\/portaltactica.com\/index.php?rest_route=\/wp\/v2\/media\/41371"}],"wp:attachment":[{"href":"https:\/\/portaltactica.com\/index.php?rest_route=%2Fwp%2Fv2%2Fmedia&parent=41370"}],"wp:term":[{"taxonomy":"category","embeddable":true,"href":"https:\/\/portaltactica.com\/index.php?rest_route=%2Fwp%2Fv2%2Fcategories&post=41370"},{"taxonomy":"post_tag","embeddable":true,"href":"https:\/\/portaltactica.com\/index.php?rest_route=%2Fwp%2Fv2%2Ftags&post=41370"}],"curies":[{"name":"wp","href":"https:\/\/api.w.org\/{rel}","templated":true}]}}