{"id":37096,"date":"2020-08-11T11:15:16","date_gmt":"2020-08-11T17:15:16","guid":{"rendered":"https:\/\/portaltactica.com\/?p=37096"},"modified":"2020-08-11T11:15:22","modified_gmt":"2020-08-11T17:15:22","slug":"victor-guzman-se-reincorporara-a-las-canchas-con-el-pachuca","status":"publish","type":"post","link":"https:\/\/portaltactica.com\/?p=37096","title":{"rendered":"V\u00edctor Guzm\u00e1n se reincorporar\u00e1 a las canchas con el Pachuca"},"content":{"rendered":"\n<p style=\"font-size:22px\" class=\"has-text-align-center\"><strong><em>El mediocampista se reintegrar\u00e1 a la filas de los Tuzos a partir de este martes<\/em><\/strong><\/p>\n\n\n\n<p>Parece que la novela est\u00e1 por llegar a su final, pues\u00a0<strong>V\u00edctor Guzm\u00e1n<\/strong>\u00a0est\u00e1 cerca de volver a las canchas debido a que se reintegrar\u00e1 con\u00a0<strong>Pachuca<\/strong>\u00a0a partir de este martes.\u00a0<\/p>\n\n\n\n<p>As\u00ed lo anunciaron los Tuzos a trav\u00e9s de un comunicado emitido en las redes sociales del club hidalguense.<\/p>\n\n\n\n<p><strong>&#8221;A trav\u00e9s del presente informamos que nuestro jugador V\u00edctor Guzm\u00e1n ha quedado habilitado por las autoridades correspondientes para poder integrarse a nuestra instituci\u00f3n a partir del 11 de agosto&#8221;.<\/strong><\/p>\n\n\n\n<figure class=\"wp-block-image size-full is-resized\"><img fetchpriority=\"high\" decoding=\"async\" src=\"https:\/\/portaltactica.com\/wp-content\/uploads\/2020\/08\/8-5.jpg\" alt=\"\" class=\"wp-image-37098\" width=\"620\" height=\"372\" srcset=\"https:\/\/portaltactica.com\/wp-content\/uploads\/2020\/08\/8-5.jpg 1000w, https:\/\/portaltactica.com\/wp-content\/uploads\/2020\/08\/8-5-768x461.jpg 768w, https:\/\/portaltactica.com\/wp-content\/uploads\/2020\/08\/8-5-585x351.jpg 585w\" sizes=\"(max-width: 620px) 100vw, 620px\" \/><\/figure>\n\n\n\n<figure class=\"wp-block-embed-twitter wp-block-embed is-type-rich is-provider-twitter\"><div class=\"wp-block-embed__wrapper\">\n<blockquote class=\"twitter-tweet\" data-width=\"550\" data-dnt=\"true\"><p lang=\"es\" dir=\"ltr\">\ud83d\udcdd | Comunicado Oficial &#8211; V\u00edctor Guzm\u00e1n <a href=\"https:\/\/twitter.com\/hashtag\/TeJuroQueTeAmo?src=hash&amp;ref_src=twsrc%5Etfw\">#TeJuroQueTeAmo<\/a>\ud83d\udc99 <a href=\"https:\/\/t.co\/LsSgr2DMDY\">pic.twitter.com\/LsSgr2DMDY<\/a><\/p>&mdash; Club Pachuca (@Tuzos) <a href=\"https:\/\/twitter.com\/Tuzos\/status\/1293223285463941121?ref_src=twsrc%5Etfw\">August 11, 2020<\/a><\/blockquote><script async src=\"https:\/\/platform.twitter.com\/widgets.js\" charset=\"utf-8\"><\/script>\n<\/div><\/figure>\n\n\n\n<p><strong>&#8221;Su reincorporaci\u00f3n ser\u00e1 en dos etapas: primero ex\u00e1menes m\u00e9dicos y despu\u00e9s acondicionamiento f\u00edsico individualizado para ponerlo a tono de competencia.<\/strong>&nbsp;V\u00edctor Guzm\u00e1n es una persona importante para nuestra instituci\u00f3n, y deseamos de coraz\u00f3n pronto retome su nivel futbol\u00edstico para bien del club y de la afici\u00f3n&#8221;, reza el comunicado.<\/p>\n\n\n\n<p>Guzm\u00e1n, quien hab\u00eda sido uno de los refuerzos estelares de\u00a0<strong>Chivas<\/strong>\u00a0de cara al Clausura 2020,\u00a0<strong>no pudo disputar ning\u00fan juego oficial con el cuadro\u00a0rojiblanco, esto debido a un control\u00a0antidopaje\u00a0que result\u00f3 adverso.<\/strong><\/p>\n\n\n\n<p>Ahora, a pesar de que la afici\u00f3n rojiblanca a\u00f1oraba verlo con la camiseta del Reba\u00f1o, Guzm\u00e1n volver\u00e1 para defender los colores del Pachuca.<\/p>\n\n\n\n<p><\/p>\n\n\n\n<p style=\"font-size:8px\"><em>Fuente: Informador.<\/em><\/p>\n<div class='share-to-whatsapp-wrapper'><div class='share-on-whsp'>Share on: <\/div><a data-text='V\u00edctor Guzm\u00e1n se reincorporar\u00e1 a las canchas con el Pachuca' data-link='https:\/\/portaltactica.com\/?p=37096' class='whatsapp-button whatsapp-share'>WhatsApp<\/a><div class='clear '><\/div><\/div>","protected":false},"excerpt":{"rendered":"<p>El mediocampista se reintegrar\u00e1 a la filas de los Tuzos a partir de este martes Parece que la novela est\u00e1 por&hellip;<\/p>\n","protected":false},"author":2,"featured_media":37097,"comment_status":"open","ping_status":"open","sticky":false,"template":"","format":"standard","meta":{"advanced_seo_description":"","jetpack_seo_html_title":"","jetpack_seo_noindex":false,"_jetpack_memberships_contains_paid_content":false,"footnotes":"","jetpack_publicize_message":"","jetpack_publicize_feature_enabled":true,"jetpack_social_post_already_shared":true,"jetpack_social_options":{"image_generator_settings":{"template":"highway","default_image_id":0,"font":"","enabled":false},"version":2}},"categories":[1897],"tags":[337,2863],"class_list":["post-37096","post","type-post","status-publish","format-standard","has-post-thumbnail","hentry","category-destacado-nacional","tag-pachuca","tag-victor-guzman"],"jetpack_publicize_connections":[],"jetpack_featured_media_url":"https:\/\/portaltactica.com\/wp-content\/uploads\/2020\/08\/7-6.jpg","jetpack_sharing_enabled":true,"_links":{"self":[{"href":"https:\/\/portaltactica.com\/index.php?rest_route=\/wp\/v2\/posts\/37096","targetHints":{"allow":["GET"]}}],"collection":[{"href":"https:\/\/portaltactica.com\/index.php?rest_route=\/wp\/v2\/posts"}],"about":[{"href":"https:\/\/portaltactica.com\/index.php?rest_route=\/wp\/v2\/types\/post"}],"author":[{"embeddable":true,"href":"https:\/\/portaltactica.com\/index.php?rest_route=\/wp\/v2\/users\/2"}],"replies":[{"embeddable":true,"href":"https:\/\/portaltactica.com\/index.php?rest_route=%2Fwp%2Fv2%2Fcomments&post=37096"}],"version-history":[{"count":1,"href":"https:\/\/portaltactica.com\/index.php?rest_route=\/wp\/v2\/posts\/37096\/revisions"}],"predecessor-version":[{"id":37099,"href":"https:\/\/portaltactica.com\/index.php?rest_route=\/wp\/v2\/posts\/37096\/revisions\/37099"}],"wp:featuredmedia":[{"embeddable":true,"href":"https:\/\/portaltactica.com\/index.php?rest_route=\/wp\/v2\/media\/37097"}],"wp:attachment":[{"href":"https:\/\/portaltactica.com\/index.php?rest_route=%2Fwp%2Fv2%2Fmedia&parent=37096"}],"wp:term":[{"taxonomy":"category","embeddable":true,"href":"https:\/\/portaltactica.com\/index.php?rest_route=%2Fwp%2Fv2%2Fcategories&post=37096"},{"taxonomy":"post_tag","embeddable":true,"href":"https:\/\/portaltactica.com\/index.php?rest_route=%2Fwp%2Fv2%2Ftags&post=37096"}],"curies":[{"name":"wp","href":"https:\/\/api.w.org\/{rel}","templated":true}]}}