{"id":35191,"date":"2020-07-11T10:35:45","date_gmt":"2020-07-11T16:35:45","guid":{"rendered":"https:\/\/portaltactica.com\/?p=35191"},"modified":"2020-07-11T10:35:49","modified_gmt":"2020-07-11T16:35:49","slug":"jorge-masvidal-no-tiene-fe-en-kamaru-usman","status":"publish","type":"post","link":"https:\/\/portaltactica.com\/?p=35191","title":{"rendered":"Jorge Masvidal &#8216;no tiene fe&#8217; en Kamaru Usman"},"content":{"rendered":"\n<p style=\"font-size:22px\" class=\"has-text-align-center\"><strong><em>El peso welter Jorge Masvidal dice que est\u00e1 contento de pelear en el UFC 251 a corto plazo ya que el campe\u00f3n Kamaru Usman &#8220;no es tan bueno como se anuncia&#8221;.<\/em><\/strong><\/p>\n\n\n\n<p>Masvidal, de 35 a\u00f1os,\u00a0intervino para la pelea del s\u00e1bado\u00a0despu\u00e9s de que Gilbert Burns de Brasil diera positivo por coronavirus.<\/p>\n\n\n\n<p>El nigeriano-estadounidense Usman, de 33 a\u00f1os, est\u00e1 en una racha ganadora de 11 peleas de UFC y hace su tercera defensa del t\u00edtulo en Abu Dhabi.<\/p>\n\n\n\n<p>&#8220;No tengo fe en \u00e9l&#8221;, dijo Masvidal.\u00a0&#8220;<strong>Hay otros tipos que no habr\u00edan tomado esta pelea en seis d\u00edas<\/strong>&#8220;.<\/p>\n\n\n\n<p>La pelea por el t\u00edtulo de peso welter encabeza el primero de cuatro eventos como parte de la serie Fight Island de UFC del 11 al 25 de julio.<\/p>\n\n\n\n<p>Los espect\u00e1culos se llevar\u00e1n a cabo sin fan\u00e1ticos en Yas Island, dentro de una &#8216;Zona segura&#8217; que albergar\u00e1 a m\u00e1s de 2,500 miembros del personal de lucha y empleados de la isla, todos los cuales han arrojado resultados negativos.<\/p>\n\n\n\n<h3 class=\"wp-block-heading\">&#8220;Es el tipo m\u00e1s grande y malo&#8221;<\/h3>\n\n\n\n<p>Masvidal sufri\u00f3 derrotas consecutivas en 2017, pero revivi\u00f3 su carrera en UFC en 2019, gan\u00e1ndose un lugar en la contienda por el t\u00edtulo mundial con tres victorias explosivas.<\/p>\n\n\n\n<p>Primero, el veterano\u00a0noque\u00f3 a Darren Till\u00a0en Londres antes de registrar el nocaut m\u00e1s r\u00e1pido en la historia de UFC, cinco segundos contra Ben Askren\u00a0en UFC 239\u00a0, y\u00a0detener a Nate D\u00edaz en noviembre\u00a0para convertirse en el primer titular del simb\u00f3lico cintur\u00f3n BMF.<\/p>\n\n\n\n<p>&#8220;Ha tenido sus altibajos&#8221;, dijo Usman.&nbsp;&#8220;Pero en este momento, \u00e9l es el tipo m\u00e1s grande y malo y el siguiente en la fila&#8221;.<\/p>\n\n\n\n<p>&#8220;S\u00e9 que presentar\u00e1 un desaf\u00edo diferente, as\u00ed que lo tratar\u00e9 en consecuencia y lo disciplinar\u00e9 de la manera apropiada. Ese es mi trabajo, por eso soy el campe\u00f3n&#8221;.<\/p>\n\n\n\n<figure class=\"wp-block-image size-large\"><img fetchpriority=\"high\" decoding=\"async\" width=\"800\" height=\"450\" src=\"https:\/\/portaltactica.com\/wp-content\/uploads\/2020\/07\/4-9.jpg\" alt=\"\" class=\"wp-image-35192\" srcset=\"https:\/\/portaltactica.com\/wp-content\/uploads\/2020\/07\/4-9.jpg 800w, https:\/\/portaltactica.com\/wp-content\/uploads\/2020\/07\/4-9-500x280.jpg 500w, https:\/\/portaltactica.com\/wp-content\/uploads\/2020\/07\/4-9-768x432.jpg 768w, https:\/\/portaltactica.com\/wp-content\/uploads\/2020\/07\/4-9-585x329.jpg 585w\" sizes=\"(max-width: 800px) 100vw, 800px\" \/><\/figure>\n\n\n\n<p>Usman tambi\u00e9n tuvo un gran 2019,\u00a0venciendo a Tyron Woodley en UFC 235\u00a0para convertirse en el primer campe\u00f3n africano de UFC antes de defender su t\u00edtulo de peso welter contra\u00a0Colby Covington en diciembre pasado.<\/p>\n\n\n\n<p>Inicialmente, Masvidal rechaz\u00f3 la pelea debido a una disputa salarial con el presidente de UFC, Dana White, quien &#8220;regres\u00f3 con un trato mucho mejor&#8221; despu\u00e9s de que Burns tuvo que retirarse.<\/p>\n\n\n\n<p>&#8220;Dana y UFC han hecho un trabajo incre\u00edble&#8221;, dijo Usman.&nbsp;&#8220;Es incre\u00edble ver las precauciones que han tomado, de abajo hacia arriba. Estoy agradecido de ser parte de esto y de todo lo que estos muchachos han hecho&#8221;.<\/p>\n\n\n\n<p>&#8220;Estaba decepcionado cuando la pelea Gilbert se cancel\u00f3 , pero soy el campe\u00f3n, tengo que enfrentarme a todos los retadores, y esta es la pelea que deber\u00eda haber sucedido todo el tiempo. Es la pelea que la gente quer\u00eda&#8221;.<\/p>\n\n\n\n<h3 class=\"wp-block-heading\">\u00bfQui\u00e9n m\u00e1s est\u00e1 peleando?<\/h3>\n\n\n\n<p><strong>Alexander Volkanovski&nbsp;<\/strong>tiene una revancha inmediata con&nbsp;<strong>Max Holloway&nbsp;<\/strong>, de Hawai, a quien venci\u00f3 por decisi\u00f3n un\u00e1nime en diciembre para llevarse su t\u00edtulo de peso pluma.<\/p>\n\n\n\n<p>El australiano dijo: &#8220;Algunas personas todav\u00eda piensan que es el mejor. No lo es, y puedo demostrarlo este fin de semana. No quiero dejar ninguna duda&#8221;.<\/p>\n\n\n\n<p>Ambos han vencido a&nbsp;<strong>Jos\u00e9 Aldo&nbsp;<\/strong>en los \u00faltimos tres a\u00f1os, desde que el veterano brasile\u00f1o ha ca\u00eddo al peso gallo.<\/p>\n\n\n\n<p>Si el jugador de 33 a\u00f1os vence al ruso&nbsp;<strong>Petr Yan&nbsp;<\/strong>por el t\u00edtulo mundial vacante, se convertir\u00e1 en el octavo luchador de UFC en convertirse en un campe\u00f3n de dos pesos.&nbsp;Aldo tambi\u00e9n piensa que lo pondr\u00eda &#8220;entre los tres mejores de todos los tiempos&#8221;, con Georges St-Pierre y Jon Jones.<\/p>\n\n\n\n<p>Tambi\u00e9n hay una revancha entre la brasile\u00f1a\u00a0<strong>Jessica Andrade\u00a0<\/strong>y la estadounidense\u00a0<strong>Rose Namajunas\u00a0<\/strong>, las dos campeonas de peso paja antes de que Zhang Weili venciera a Andrade en\u00a0UFC 237 en mayo de 2019.<\/p>\n\n\n\n<p><\/p>\n\n\n\n<p style=\"font-size:9px\"><em>Fuente: BBC.<\/em><\/p>\n<div class='share-to-whatsapp-wrapper'><div class='share-on-whsp'>Share on: <\/div><a data-text='Jorge Masvidal 'no tiene fe' en Kamaru Usman' data-link='https:\/\/portaltactica.com\/?p=35191' class='whatsapp-button whatsapp-share'>WhatsApp<\/a><div class='clear '><\/div><\/div>","protected":false},"excerpt":{"rendered":"<p>El peso welter Jorge Masvidal dice que est\u00e1 contento de pelear en el UFC 251 a corto plazo ya que el&hellip;<\/p>\n","protected":false},"author":2,"featured_media":35193,"comment_status":"open","ping_status":"open","sticky":false,"template":"","format":"standard","meta":{"advanced_seo_description":"","jetpack_seo_html_title":"","jetpack_seo_noindex":false,"_jetpack_memberships_contains_paid_content":false,"footnotes":"","jetpack_publicize_message":"","jetpack_publicize_feature_enabled":true,"jetpack_social_post_already_shared":true,"jetpack_social_options":{"image_generator_settings":{"template":"highway","default_image_id":0,"font":"","enabled":false},"version":2}},"categories":[1896,6],"tags":[1658,3059,198,3814],"class_list":["post-35191","post","type-post","status-publish","format-standard","has-post-thumbnail","hentry","category-destacado-portada","category-internacional","tag-jorge-masvidal","tag-kamaru-usman","tag-ufc","tag-ufc-251"],"jetpack_publicize_connections":[],"jetpack_featured_media_url":"https:\/\/portaltactica.com\/wp-content\/uploads\/2020\/07\/5-8.jpg","jetpack_sharing_enabled":true,"_links":{"self":[{"href":"https:\/\/portaltactica.com\/index.php?rest_route=\/wp\/v2\/posts\/35191","targetHints":{"allow":["GET"]}}],"collection":[{"href":"https:\/\/portaltactica.com\/index.php?rest_route=\/wp\/v2\/posts"}],"about":[{"href":"https:\/\/portaltactica.com\/index.php?rest_route=\/wp\/v2\/types\/post"}],"author":[{"embeddable":true,"href":"https:\/\/portaltactica.com\/index.php?rest_route=\/wp\/v2\/users\/2"}],"replies":[{"embeddable":true,"href":"https:\/\/portaltactica.com\/index.php?rest_route=%2Fwp%2Fv2%2Fcomments&post=35191"}],"version-history":[{"count":1,"href":"https:\/\/portaltactica.com\/index.php?rest_route=\/wp\/v2\/posts\/35191\/revisions"}],"predecessor-version":[{"id":35194,"href":"https:\/\/portaltactica.com\/index.php?rest_route=\/wp\/v2\/posts\/35191\/revisions\/35194"}],"wp:featuredmedia":[{"embeddable":true,"href":"https:\/\/portaltactica.com\/index.php?rest_route=\/wp\/v2\/media\/35193"}],"wp:attachment":[{"href":"https:\/\/portaltactica.com\/index.php?rest_route=%2Fwp%2Fv2%2Fmedia&parent=35191"}],"wp:term":[{"taxonomy":"category","embeddable":true,"href":"https:\/\/portaltactica.com\/index.php?rest_route=%2Fwp%2Fv2%2Fcategories&post=35191"},{"taxonomy":"post_tag","embeddable":true,"href":"https:\/\/portaltactica.com\/index.php?rest_route=%2Fwp%2Fv2%2Ftags&post=35191"}],"curies":[{"name":"wp","href":"https:\/\/api.w.org\/{rel}","templated":true}]}}