{"id":33882,"date":"2020-06-19T19:59:54","date_gmt":"2020-06-20T01:59:54","guid":{"rendered":"https:\/\/portaltactica.com\/?p=33882"},"modified":"2020-06-19T19:59:56","modified_gmt":"2020-06-20T01:59:56","slug":"gallito-vazquez-y-gudino-saldrian-de-chivas","status":"publish","type":"post","link":"https:\/\/portaltactica.com\/?p=33882","title":{"rendered":"&#8220;Gallito&#8221; V\u00e1zquez y Gudi\u00f1o saldr\u00edan de Chivas"},"content":{"rendered":"\n<p>La renovaci\u00f3n en Chivas comienza, por lo que Jos\u00e9 Juan &#8216;Gallito&#8217; V\u00e1zquez y Ra\u00fal Gudi\u00f1o saldr\u00edan de la instituci\u00f3n para la pr\u00f3xima temporada.<\/p>\n\n\n\n<p>As\u00ed lo anunci\u00f3 Ricardo Pel\u00e1ez, director deportivo del conjunto rojiblanco a trav\u00e9s de redes sociales.<\/p>\n\n\n\n<p>\u201cRealmente pueden ser bajas Gudi\u00f1o y el \u2018Gallito\u2019 porque ellos se han acercado y me han externado su deseo de tener minutos, de jugar m\u00e1s, pueden quedarse si no hay un ofrecimiento interesante para el jugador y la instituci\u00f3n, tienen el deseo de quedarse, de competir y de ser campeones, pero as\u00ed estamos, con ellos dos espec\u00edficamente, de no darse los jugadores se quedan muy contentos\u201d, expres\u00f3 el directivo.<\/p>\n\n\n\n<figure class=\"wp-block-image size-full\"><img fetchpriority=\"high\" decoding=\"async\" width=\"1280\" height=\"720\" src=\"https:\/\/portaltactica.com\/wp-content\/uploads\/2020\/06\/gallito-gudi\u00f1o-chivas.jpg\" alt=\"\" class=\"wp-image-33885\" srcset=\"https:\/\/portaltactica.com\/wp-content\/uploads\/2020\/06\/gallito-gudi\u00f1o-chivas.jpg 1280w, https:\/\/portaltactica.com\/wp-content\/uploads\/2020\/06\/gallito-gudi\u00f1o-chivas-500x280.jpg 500w, https:\/\/portaltactica.com\/wp-content\/uploads\/2020\/06\/gallito-gudi\u00f1o-chivas-768x432.jpg 768w, https:\/\/portaltactica.com\/wp-content\/uploads\/2020\/06\/gallito-gudi\u00f1o-chivas-1170x658.jpg 1170w, https:\/\/portaltactica.com\/wp-content\/uploads\/2020\/06\/gallito-gudi\u00f1o-chivas-585x329.jpg 585w\" sizes=\"(max-width: 1280px) 100vw, 1280px\" \/><\/figure>\n\n\n\n<p>Al ser se\u00f1alado sobre el futuro de Jos\u00e9 Juan Mac\u00edas y su posible salida al futbol europeo, el directivo neg\u00f3 que existan ofertas formales.<\/p>\n\n\n\n<p>\u201cCon JJ est\u00e1 la situaci\u00f3n abierta para que si llega un ofrecimiento de Europa a un buen equipo, lo hemos platicado y \u00e9l lo sabe, que no d\u00e9 el paso por darlo a un equipo donde no pueda trascender, tiene la palabra del presidente y el apoyo del t\u00e9cnico, el director deportivo y de sus compa\u00f1eros de cumplir ese sue\u00f1o, sabemos porque hay mucha comunicaci\u00f3n, que hay equipos que podr\u00edan estar interesados que todav\u00eda est\u00e1n en competencia, entonces los tiempos no est\u00e1n alineados y puede llegar m\u00e1s adelante, si llega y es interesante tiene las puertas abiertas\u201d, dijo.<\/p>\n\n\n\n<figure class=\"wp-block-embed-twitter wp-block-embed is-type-rich is-provider-twitter\"><div class=\"wp-block-embed__wrapper\">\n<blockquote class=\"twitter-tweet\" data-width=\"550\" data-dnt=\"true\"><p lang=\"es\" dir=\"ltr\">\ud83d\udea8 \u00a1<a href=\"https:\/\/twitter.com\/RPELAEZ9?ref_src=twsrc%5Etfw\">@RPELAEZ9<\/a> nos habl\u00f3 con la NETA! \ud83d\udd25\ud83e\udd2f<br><br>\u26a0\ufe0f Checa el primer Net\u00f3metro que pone fin a los rumores alrededor del Reba\u00f1o \u2b07\ufe0f <a href=\"https:\/\/t.co\/c57SbXpCYj\">pic.twitter.com\/c57SbXpCYj<\/a><\/p>&mdash; CHIVAS a lavarte las manos (@Chivas) <a href=\"https:\/\/twitter.com\/Chivas\/status\/1274088488246247424?ref_src=twsrc%5Etfw\">June 19, 2020<\/a><\/blockquote><script async src=\"https:\/\/platform.twitter.com\/widgets.js\" charset=\"utf-8\"><\/script>\n<\/div><\/figure>\n<div class='share-to-whatsapp-wrapper'><div class='share-on-whsp'>Share on: <\/div><a data-text='\"Gallito\" V\u00e1zquez y Gudi\u00f1o saldr\u00edan de Chivas' data-link='https:\/\/portaltactica.com\/?p=33882' class='whatsapp-button whatsapp-share'>WhatsApp<\/a><div class='clear '><\/div><\/div>","protected":false},"excerpt":{"rendered":"<p>La renovaci\u00f3n en Chivas comienza, por lo que Jos\u00e9 Juan &#8216;Gallito&#8217; V\u00e1zquez y Ra\u00fal Gudi\u00f1o saldr\u00edan de la instituci\u00f3n para la&hellip;<\/p>\n","protected":false},"author":1,"featured_media":33884,"comment_status":"open","ping_status":"open","sticky":false,"template":"","format":"standard","meta":{"advanced_seo_description":"","jetpack_seo_html_title":"","jetpack_seo_noindex":false,"_jetpack_memberships_contains_paid_content":false,"footnotes":"","jetpack_publicize_message":"","jetpack_publicize_feature_enabled":true,"jetpack_social_post_already_shared":true,"jetpack_social_options":{"image_generator_settings":{"template":"highway","default_image_id":0,"font":"","enabled":false},"version":2}},"categories":[1897],"tags":[38,3704,156,3220],"class_list":["post-33882","post","type-post","status-publish","format-standard","has-post-thumbnail","hentry","category-destacado-nacional","tag-chivas","tag-jose-juan-vazquez","tag-liga-mx","tag-raul-gudino-2"],"jetpack_publicize_connections":[],"jetpack_featured_media_url":"https:\/\/portaltactica.com\/wp-content\/uploads\/2020\/06\/gallito-gudi\u00f1o.jpg","jetpack_sharing_enabled":true,"_links":{"self":[{"href":"https:\/\/portaltactica.com\/index.php?rest_route=\/wp\/v2\/posts\/33882","targetHints":{"allow":["GET"]}}],"collection":[{"href":"https:\/\/portaltactica.com\/index.php?rest_route=\/wp\/v2\/posts"}],"about":[{"href":"https:\/\/portaltactica.com\/index.php?rest_route=\/wp\/v2\/types\/post"}],"author":[{"embeddable":true,"href":"https:\/\/portaltactica.com\/index.php?rest_route=\/wp\/v2\/users\/1"}],"replies":[{"embeddable":true,"href":"https:\/\/portaltactica.com\/index.php?rest_route=%2Fwp%2Fv2%2Fcomments&post=33882"}],"version-history":[{"count":1,"href":"https:\/\/portaltactica.com\/index.php?rest_route=\/wp\/v2\/posts\/33882\/revisions"}],"predecessor-version":[{"id":33886,"href":"https:\/\/portaltactica.com\/index.php?rest_route=\/wp\/v2\/posts\/33882\/revisions\/33886"}],"wp:featuredmedia":[{"embeddable":true,"href":"https:\/\/portaltactica.com\/index.php?rest_route=\/wp\/v2\/media\/33884"}],"wp:attachment":[{"href":"https:\/\/portaltactica.com\/index.php?rest_route=%2Fwp%2Fv2%2Fmedia&parent=33882"}],"wp:term":[{"taxonomy":"category","embeddable":true,"href":"https:\/\/portaltactica.com\/index.php?rest_route=%2Fwp%2Fv2%2Fcategories&post=33882"},{"taxonomy":"post_tag","embeddable":true,"href":"https:\/\/portaltactica.com\/index.php?rest_route=%2Fwp%2Fv2%2Ftags&post=33882"}],"curies":[{"name":"wp","href":"https:\/\/api.w.org\/{rel}","templated":true}]}}