{"id":33307,"date":"2020-06-12T16:39:39","date_gmt":"2020-06-12T22:39:39","guid":{"rendered":"https:\/\/portaltactica.com\/?p=33307"},"modified":"2020-06-12T16:39:42","modified_gmt":"2020-06-12T22:39:42","slug":"danilinho-arremete-en-contra-de-ferretti","status":"publish","type":"post","link":"https:\/\/portaltactica.com\/?p=33307","title":{"rendered":"Danilinho arremete en contra de Ferretti"},"content":{"rendered":"\n<p style=\"font-size:22px\" class=\"has-text-align-center\"><em><strong>En aparente estado inconveniente, el exjugador de Tigres revent\u00f3 al &#8220;Tuca&#8221; en una transmisi\u00f3n en redes sociales&nbsp;<\/strong><\/em><\/p>\n\n\n\n<p>Danilo Ver\u00f3n, &#8220;Danilinho&#8221;, regres\u00f3 a ser tendencia en M\u00e9xico pero no precisamente por alguna jugada o noticia de su carrera deportivo, sino porque a trav\u00e9s de sus redes sociales insult\u00f3 a quien fuera su entrenador en Tigres, Ricardo Ferretti.&nbsp;<\/p>\n\n\n\n<p><strong>En aparente estado inconveniente, el brasile\u00f1o realiz\u00f3 una transmisi\u00f3n en su&nbsp;Instagram, donde no dud\u00f3 en reventar al &#8220;Tuca&#8221;<\/strong>, adem\u00e1s de reconocer que tomaba horas antes de alg\u00fan partido.&nbsp;<\/p>\n\n\n\n<p>&#8220;Yo soy chin&#8230;\u00a0como ustedes dicen, yo soy ching\u00f3n por que yo hice pedo, yo llegu\u00e9 once y media de la noche, doce, pa jugar s\u00e1bado, yo llegu\u00e9 el viernes por la noche, pedo.Y salimos campeones o no, qui\u00e9n corri\u00f3 dentro de la cancha, pues yo.<strong>\u00a0Que chin.. a su madre el Tuca, gr\u00e1bame eso es buena para que se sepa<\/strong>&#8220;.<\/p>\n\n\n\n<figure class=\"wp-block-image size-large is-resized\"><img fetchpriority=\"high\" decoding=\"async\" src=\"https:\/\/portaltactica.com\/wp-content\/uploads\/2020\/06\/9-4.jpg\" alt=\"\" class=\"wp-image-33334\" width=\"668\" height=\"445\" srcset=\"https:\/\/portaltactica.com\/wp-content\/uploads\/2020\/06\/9-4.jpg 600w, https:\/\/portaltactica.com\/wp-content\/uploads\/2020\/06\/9-4-585x390.jpg 585w, https:\/\/portaltactica.com\/wp-content\/uploads\/2020\/06\/9-4-263x175.jpg 263w, https:\/\/portaltactica.com\/wp-content\/uploads\/2020\/06\/9-4-272x182.jpg 272w\" sizes=\"(max-width: 668px) 100vw, 668px\" \/><\/figure>\n\n\n\n<figure class=\"wp-block-embed-twitter wp-block-embed is-type-rich is-provider-twitter\"><div class=\"wp-block-embed__wrapper\">\n<blockquote class=\"twitter-tweet\" data-width=\"550\" data-dnt=\"true\"><p lang=\"es\" dir=\"ltr\">Que fuerte lo de Danilinho \ud83d\ude35 <a href=\"https:\/\/t.co\/XYiWyFoism\">pic.twitter.com\/XYiWyFoism<\/a><\/p>&mdash; Aldo Farias (@AldoFariasGzz) <a href=\"https:\/\/twitter.com\/AldoFariasGzz\/status\/1271523123482017792?ref_src=twsrc%5Etfw\">June 12, 2020<\/a><\/blockquote><script async src=\"https:\/\/platform.twitter.com\/widgets.js\" charset=\"utf-8\"><\/script>\n<\/div><\/figure>\n\n\n\n<p>Por otro lado, el jugador coment\u00f3 que si su regreso a Tigres no se ha concretado, es gracias a Miguel \u00c1ngel Garza, quien hasta hace unos d\u00edas era presidente deportivo del equipo regio.&nbsp;<\/p>\n\n\n\n<p>\u201cMe sal\u00ed de Tigres por pendejadas. Miguel (\u00c1ngel Garza) no era nada, hoy es presidente. Le pido para ponerme en Tigres y no me dice nada, no contesta, \u00bfpor qu\u00e9? Porque no es hombre\u201d, a\u00f1adi\u00f3 Danilinho.&nbsp;<\/p>\n\n\n\n<p>De quien s\u00ed habl\u00f3 cosas positivas es de Andr\u00e9 Pierre Gignac, a quien catalog\u00f3 c\u00f3mo un \u00eddolo al nivel de Lionel Messi, adem\u00e1s de revelar su admiraci\u00f3n a Humberto &#8220;Chupete&#8221; Suazo y Rogelio Funes Mori.&nbsp;<\/p>\n\n\n\n<p>Danilinho fue campe\u00f3n con Tigres en el Apertura 2011, t\u00edtulo que fue punta de lanza para una \u00e9poca exitosa para el club regio, pero al parecer su relaci\u00f3n con el &#8220;Tuca&#8221; no termin\u00f3 de la mejor manera.&nbsp;<\/p>\n\n\n\n<p><\/p>\n\n\n\n<p style=\"font-size:9px\"><em>Fuente: Informador.<\/em><\/p>\n<div class='share-to-whatsapp-wrapper'><div class='share-on-whsp'>Share on: <\/div><a data-text='Danilinho arremete en contra de Ferretti' data-link='https:\/\/portaltactica.com\/?p=33307' class='whatsapp-button whatsapp-share'>WhatsApp<\/a><div class='clear '><\/div><\/div>","protected":false},"excerpt":{"rendered":"<p>En aparente estado inconveniente, el exjugador de Tigres revent\u00f3 al &#8220;Tuca&#8221; en una transmisi\u00f3n en redes sociales&nbsp; Danilo Ver\u00f3n, &#8220;Danilinho&#8221;, regres\u00f3&hellip;<\/p>\n","protected":false},"author":2,"featured_media":33333,"comment_status":"open","ping_status":"open","sticky":false,"template":"","format":"standard","meta":{"advanced_seo_description":"","jetpack_seo_html_title":"","jetpack_seo_noindex":false,"_jetpack_memberships_contains_paid_content":false,"footnotes":"","jetpack_publicize_message":"","jetpack_publicize_feature_enabled":true,"jetpack_social_post_already_shared":true,"jetpack_social_options":{"image_generator_settings":{"template":"highway","default_image_id":0,"font":"","enabled":false},"version":2}},"categories":[1897],"tags":[3703,1604,206],"class_list":["post-33307","post","type-post","status-publish","format-standard","has-post-thumbnail","hentry","category-destacado-nacional","tag-danilo-veron","tag-ricardo-ferretti","tag-tigres"],"jetpack_publicize_connections":[],"jetpack_featured_media_url":"https:\/\/portaltactica.com\/wp-content\/uploads\/2020\/06\/8-3.jpg","jetpack_sharing_enabled":true,"_links":{"self":[{"href":"https:\/\/portaltactica.com\/index.php?rest_route=\/wp\/v2\/posts\/33307","targetHints":{"allow":["GET"]}}],"collection":[{"href":"https:\/\/portaltactica.com\/index.php?rest_route=\/wp\/v2\/posts"}],"about":[{"href":"https:\/\/portaltactica.com\/index.php?rest_route=\/wp\/v2\/types\/post"}],"author":[{"embeddable":true,"href":"https:\/\/portaltactica.com\/index.php?rest_route=\/wp\/v2\/users\/2"}],"replies":[{"embeddable":true,"href":"https:\/\/portaltactica.com\/index.php?rest_route=%2Fwp%2Fv2%2Fcomments&post=33307"}],"version-history":[{"count":2,"href":"https:\/\/portaltactica.com\/index.php?rest_route=\/wp\/v2\/posts\/33307\/revisions"}],"predecessor-version":[{"id":33335,"href":"https:\/\/portaltactica.com\/index.php?rest_route=\/wp\/v2\/posts\/33307\/revisions\/33335"}],"wp:featuredmedia":[{"embeddable":true,"href":"https:\/\/portaltactica.com\/index.php?rest_route=\/wp\/v2\/media\/33333"}],"wp:attachment":[{"href":"https:\/\/portaltactica.com\/index.php?rest_route=%2Fwp%2Fv2%2Fmedia&parent=33307"}],"wp:term":[{"taxonomy":"category","embeddable":true,"href":"https:\/\/portaltactica.com\/index.php?rest_route=%2Fwp%2Fv2%2Fcategories&post=33307"},{"taxonomy":"post_tag","embeddable":true,"href":"https:\/\/portaltactica.com\/index.php?rest_route=%2Fwp%2Fv2%2Ftags&post=33307"}],"curies":[{"name":"wp","href":"https:\/\/api.w.org\/{rel}","templated":true}]}}