{"id":33239,"date":"2020-06-11T13:18:56","date_gmt":"2020-06-11T19:18:56","guid":{"rendered":"https:\/\/portaltactica.com\/?p=33239"},"modified":"2020-06-11T13:19:03","modified_gmt":"2020-06-11T19:19:03","slug":"francisco-palencia-seria-el-director-tecnico-del-mazatlan-fc","status":"publish","type":"post","link":"https:\/\/portaltactica.com\/?p=33239","title":{"rendered":"Francisco Palencia ser\u00eda el director t\u00e9cnico del Mazatl\u00e1n FC"},"content":{"rendered":"\n<p style=\"font-size:22px\" class=\"has-text-align-center\"><strong><em>El mandatario sinaloense, Quirino Ordaz, anuncia al ex futbolista como t\u00e9cnico del nuevo club de la Liga MX<\/em><\/strong><\/p>\n\n\n\n<p>A trav\u00e9s de su cuenta de Twitter, el gobernador de\u00a0<strong>Sinaloa<\/strong>\u00a0confirm\u00f3 lo que se hab\u00eda especulado en estos d\u00edas.<\/p>\n\n\n\n<p><strong>Quirino Ordaz<\/strong>\u00a0public\u00f3 un mensaje en su perfil de la red social en el que le da la bienvenida al que ser\u00e1 el\u00a0entrenador del nuevo miembro de la\u00a0<strong>Liga MX<\/strong>, el\u00a0<strong>Mazatl\u00e1n FC<\/strong>.\u00a0<\/p>\n\n\n\n<figure class=\"wp-block-image size-large\"><img fetchpriority=\"high\" decoding=\"async\" width=\"840\" height=\"576\" src=\"https:\/\/portaltactica.com\/wp-content\/uploads\/2020\/06\/5-7-840x576.jpg\" alt=\"\" class=\"wp-image-33241\"\/><\/figure>\n\n\n\n<figure class=\"wp-block-embed-twitter wp-block-embed is-type-rich is-provider-twitter\"><div class=\"wp-block-embed__wrapper\">\n<blockquote class=\"twitter-tweet\" data-width=\"550\" data-dnt=\"true\"><p lang=\"es\" dir=\"ltr\">Bienvenido Juan Francisco Palencia a <a href=\"https:\/\/twitter.com\/hashtag\/Mazatl%C3%A1n?src=hash&amp;ref_src=twsrc%5Etfw\">#Mazatl\u00e1n<\/a>, seguiremos trabajando para que el deporte en el Estado siga creciendo y que lleguen m\u00e1s inversiones. Mi compromiso es que la salud, la cultura, el campo, la seguridad, la infraestructura, etc siga creciendo y mejorando. <a href=\"https:\/\/twitter.com\/hashtag\/PuroSinaloa?src=hash&amp;ref_src=twsrc%5Etfw\">#PuroSinaloa<\/a> <a href=\"https:\/\/t.co\/p8McvfUbHm\">pic.twitter.com\/p8McvfUbHm<\/a><\/p>&mdash; Quirino Ordaz (@QuirinoOC) <a href=\"https:\/\/twitter.com\/QuirinoOC\/status\/1271141901018816514?ref_src=twsrc%5Etfw\">June 11, 2020<\/a><\/blockquote><script async src=\"https:\/\/platform.twitter.com\/widgets.js\" charset=\"utf-8\"><\/script>\n<\/div><\/figure>\n\n\n\n<p><strong>&#8221;Bienvenido Juan Francisco Palencia a #Mazatl\u00e1n, seguiremos&nbsp;trabajanado&nbsp;para que el deporte en el Estado siga creciendo y que lleguen m\u00e1s inversiones. Mi compromiso es que la salud, la cultura, el campo, la seguridad, la infraestructura, etc siga creciendo y mejorando. #PuroSinaloa&#8221;.<\/strong><\/p>\n\n\n\n<p>&#8221;Esp\u00e9rese, Gober, todav\u00eda ni aterriza y ya le dio la bienvenida&#8221;, comparti\u00f3 la cuenta oficial del club junto al mensaje del mandatario estatal.<\/p>\n\n\n\n<p><\/p>\n\n\n\n<p style=\"font-size:9px\"><em>Fuente: Informador.<\/em><\/p>\n<div class='share-to-whatsapp-wrapper'><div class='share-on-whsp'>Share on: <\/div><a data-text='Francisco Palencia ser\u00eda el director t\u00e9cnico del Mazatl\u00e1n FC' data-link='https:\/\/portaltactica.com\/?p=33239' class='whatsapp-button whatsapp-share'>WhatsApp<\/a><div class='clear '><\/div><\/div>","protected":false},"excerpt":{"rendered":"<p>El mandatario sinaloense, Quirino Ordaz, anuncia al ex futbolista como t\u00e9cnico del nuevo club de la Liga MX A trav\u00e9s de&hellip;<\/p>\n","protected":false},"author":2,"featured_media":33240,"comment_status":"open","ping_status":"open","sticky":false,"template":"","format":"standard","meta":{"advanced_seo_description":"","jetpack_seo_html_title":"","jetpack_seo_noindex":false,"_jetpack_memberships_contains_paid_content":false,"footnotes":"","jetpack_publicize_message":"","jetpack_publicize_feature_enabled":true,"jetpack_social_post_already_shared":true,"jetpack_social_options":{"image_generator_settings":{"template":"highway","default_image_id":0,"font":"","enabled":false},"version":2}},"categories":[1897,1896],"tags":[3701,3678],"class_list":["post-33239","post","type-post","status-publish","format-standard","has-post-thumbnail","hentry","category-destacado-nacional","category-destacado-portada","tag-juan-francisco-palencia","tag-mazatlan-fc"],"jetpack_publicize_connections":[],"jetpack_featured_media_url":"https:\/\/portaltactica.com\/wp-content\/uploads\/2020\/06\/6-6.jpg","jetpack_sharing_enabled":true,"_links":{"self":[{"href":"https:\/\/portaltactica.com\/index.php?rest_route=\/wp\/v2\/posts\/33239","targetHints":{"allow":["GET"]}}],"collection":[{"href":"https:\/\/portaltactica.com\/index.php?rest_route=\/wp\/v2\/posts"}],"about":[{"href":"https:\/\/portaltactica.com\/index.php?rest_route=\/wp\/v2\/types\/post"}],"author":[{"embeddable":true,"href":"https:\/\/portaltactica.com\/index.php?rest_route=\/wp\/v2\/users\/2"}],"replies":[{"embeddable":true,"href":"https:\/\/portaltactica.com\/index.php?rest_route=%2Fwp%2Fv2%2Fcomments&post=33239"}],"version-history":[{"count":1,"href":"https:\/\/portaltactica.com\/index.php?rest_route=\/wp\/v2\/posts\/33239\/revisions"}],"predecessor-version":[{"id":33242,"href":"https:\/\/portaltactica.com\/index.php?rest_route=\/wp\/v2\/posts\/33239\/revisions\/33242"}],"wp:featuredmedia":[{"embeddable":true,"href":"https:\/\/portaltactica.com\/index.php?rest_route=\/wp\/v2\/media\/33240"}],"wp:attachment":[{"href":"https:\/\/portaltactica.com\/index.php?rest_route=%2Fwp%2Fv2%2Fmedia&parent=33239"}],"wp:term":[{"taxonomy":"category","embeddable":true,"href":"https:\/\/portaltactica.com\/index.php?rest_route=%2Fwp%2Fv2%2Fcategories&post=33239"},{"taxonomy":"post_tag","embeddable":true,"href":"https:\/\/portaltactica.com\/index.php?rest_route=%2Fwp%2Fv2%2Ftags&post=33239"}],"curies":[{"name":"wp","href":"https:\/\/api.w.org\/{rel}","templated":true}]}}