{"id":33235,"date":"2020-06-11T10:50:18","date_gmt":"2020-06-11T16:50:18","guid":{"rendered":"https:\/\/portaltactica.com\/?p=33235"},"modified":"2020-06-11T10:50:21","modified_gmt":"2020-06-11T16:50:21","slug":"decision-de-la-uefa-sobre-la-champions-league-prevista-para-el-18-de-junio","status":"publish","type":"post","link":"https:\/\/portaltactica.com\/?p=33235","title":{"rendered":"Decisi\u00f3n de la UEFA sobre la Champions League prevista para el 18 de junio"},"content":{"rendered":"\n<p>La UEFA confirm\u00f3 este jueves la amplia agenda de su Comit\u00e9 Ejecutivo que se celebrar\u00e1 en dos partes los pr\u00f3ximos mi\u00e9rcoles 17 y jueves 18 con puntos que incluyen el desenlace de sus competiciones de clubes de esta temporada y el arranque de la siguiente con fase de clasificaci\u00f3n, eliminatorias y fase de grupos.<\/p>\n\n\n\n<p>La actualizaci\u00f3n sobre las competiciones de clubes, Liga de Campeones masculina y Liga Europa 2019-20, de octavos de final en adelante, as\u00ed como el dise\u00f1o de la pr\u00f3xima temporada de \u00e9stas, m\u00e1s el calendario de las rondas que faltan por disputarse de la Champions juvenil 2019-20 centrar\u00e1n la primera jornada del Ejecutivo.<\/p>\n\n\n\n<p>La final de la Liga de Campeones estaba prevista para el s\u00e1bado 30 de mayo en Estambul; la de la Liga Europa para el mi\u00e9rcoles 27 de mayo en la ciudad polaca de Gdansk y la de la Champions femenina, tambi\u00e9n pendiente de nuevas fechas, para el 24 de mayo en Viena.<\/p>\n\n\n\n<p>\u00c9sta qued\u00f3 interrumpida antes de los cuartos de final en los que Barcelona y el Atl\u00e9tico de Madrid deb\u00edan enfrentarse por una plaza en semifinales en marzo.<\/p>\n\n\n\n<figure class=\"wp-block-image size-full is-resized\"><img fetchpriority=\"high\" decoding=\"async\" src=\"https:\/\/portaltactica.com\/wp-content\/uploads\/2020\/06\/4-7.jpg\" alt=\"\" class=\"wp-image-33237\" width=\"641\" height=\"360\" srcset=\"https:\/\/portaltactica.com\/wp-content\/uploads\/2020\/06\/4-7.jpg 988w, https:\/\/portaltactica.com\/wp-content\/uploads\/2020\/06\/4-7-500x280.jpg 500w, https:\/\/portaltactica.com\/wp-content\/uploads\/2020\/06\/4-7-768x432.jpg 768w, https:\/\/portaltactica.com\/wp-content\/uploads\/2020\/06\/4-7-585x329.jpg 585w\" sizes=\"(max-width: 641px) 100vw, 641px\" \/><\/figure>\n\n\n\n<p>Tambi\u00e9n la reanudaci\u00f3n de las competiciones de selecciones, con los play-off de la Eurocopa que iba a celebrarse este verano y fue aplazada doce meses (del 11 de junio al 11 de julio de 2021), junto a las sedes y el calendario de partidos de \u00e9sta y la reprogramaci\u00f3n de la fase de grupos de Liga de Naciones 2020-21, entrar\u00e1n en el debate.<\/p>\n\n\n\n<p>&#8220;La existencia de algunos puntos pendientes en relaci\u00f3n con un peque\u00f1o n\u00famero de sedes propuestas&#8221; para la Eurocopa fue de hecho el motivo por el que la UEFA aplaz\u00f3 hasta la semana que viene la cita de su Comit\u00e9 Ejecutivo, que iba a haberse celebrado el pasado 27 de mayo.<\/p>\n\n\n\n<p>La competici\u00f3n, con la que la UEFA va a conmemorar el 60 aniversario de la misma, ten\u00eda como sedes iniciales Copenhague, \u00c1msterdam, Bak\u00fa, Bilbao, Bucarest, Budapest, Dubl\u00edn, Glasgow, San Petersburgo, M\u00fanich, Roma y Londres, aunque puede caerse alguna como es el caso de Bucarest, seg\u00fan anunci\u00f3 el gobierno de Ruman\u00eda .<\/p>\n\n\n\n<p>Adem\u00e1s de esto, en categor\u00edas inferiores la UEFA tiene pendiente concretar el calendario y el formato del Europeo sub-21 2019-2021; el femenino sub-17 el Europeo sub-19 2019-20 y las competiciones de f\u00fatbol sala.<\/p>\n\n\n\n<p>La final de la Liga de Campeones de f\u00fatbol sala deb\u00eda haberse disputado a finales de abril en Minsk, capital de Bielorrusia, con la participaci\u00f3n de ElPozo Murcia Costa C\u00e1lida y el Bar\u00e7a.<\/p>\n\n\n\n<p>El segundo d\u00eda de reuni\u00f3n del Ejecutivo de la UEFA abordar\u00e1, entre otros temas, el procedimiento del sorteo y fase de clasificaci\u00f3n para el Mundial de Catar 2020 y el Reglamento de Licencias de Clubes y Juego Limpio Financiero.<\/p>\n\n\n\n<p><\/p>\n\n\n\n<p style=\"font-size:9px\"><em>Fuente: espn.<\/em><\/p>\n<div class='share-to-whatsapp-wrapper'><div class='share-on-whsp'>Share on: <\/div><a data-text='Decisi\u00f3n de la UEFA sobre la Champions League prevista para el 18 de junio' data-link='https:\/\/portaltactica.com\/?p=33235' class='whatsapp-button whatsapp-share'>WhatsApp<\/a><div class='clear '><\/div><\/div>","protected":false},"excerpt":{"rendered":"<p>La UEFA confirm\u00f3 este jueves la amplia agenda de su Comit\u00e9 Ejecutivo que se celebrar\u00e1 en dos partes los pr\u00f3ximos mi\u00e9rcoles&hellip;<\/p>\n","protected":false},"author":2,"featured_media":33236,"comment_status":"open","ping_status":"open","sticky":false,"template":"","format":"standard","meta":{"advanced_seo_description":"","jetpack_seo_html_title":"","jetpack_seo_noindex":false,"_jetpack_memberships_contains_paid_content":false,"footnotes":"","jetpack_publicize_message":"","jetpack_publicize_feature_enabled":true,"jetpack_social_post_already_shared":true,"jetpack_social_options":{"image_generator_settings":{"template":"highway","default_image_id":0,"font":"","enabled":false},"version":2}},"categories":[1898,1896],"tags":[516,524],"class_list":["post-33235","post","type-post","status-publish","format-standard","has-post-thumbnail","hentry","category-destacado-internacional","category-destacado-portada","tag-champions-league","tag-uefa"],"jetpack_publicize_connections":[],"jetpack_featured_media_url":"https:\/\/portaltactica.com\/wp-content\/uploads\/2020\/06\/3-7.jpg","jetpack_sharing_enabled":true,"_links":{"self":[{"href":"https:\/\/portaltactica.com\/index.php?rest_route=\/wp\/v2\/posts\/33235","targetHints":{"allow":["GET"]}}],"collection":[{"href":"https:\/\/portaltactica.com\/index.php?rest_route=\/wp\/v2\/posts"}],"about":[{"href":"https:\/\/portaltactica.com\/index.php?rest_route=\/wp\/v2\/types\/post"}],"author":[{"embeddable":true,"href":"https:\/\/portaltactica.com\/index.php?rest_route=\/wp\/v2\/users\/2"}],"replies":[{"embeddable":true,"href":"https:\/\/portaltactica.com\/index.php?rest_route=%2Fwp%2Fv2%2Fcomments&post=33235"}],"version-history":[{"count":1,"href":"https:\/\/portaltactica.com\/index.php?rest_route=\/wp\/v2\/posts\/33235\/revisions"}],"predecessor-version":[{"id":33238,"href":"https:\/\/portaltactica.com\/index.php?rest_route=\/wp\/v2\/posts\/33235\/revisions\/33238"}],"wp:featuredmedia":[{"embeddable":true,"href":"https:\/\/portaltactica.com\/index.php?rest_route=\/wp\/v2\/media\/33236"}],"wp:attachment":[{"href":"https:\/\/portaltactica.com\/index.php?rest_route=%2Fwp%2Fv2%2Fmedia&parent=33235"}],"wp:term":[{"taxonomy":"category","embeddable":true,"href":"https:\/\/portaltactica.com\/index.php?rest_route=%2Fwp%2Fv2%2Fcategories&post=33235"},{"taxonomy":"post_tag","embeddable":true,"href":"https:\/\/portaltactica.com\/index.php?rest_route=%2Fwp%2Fv2%2Ftags&post=33235"}],"curies":[{"name":"wp","href":"https:\/\/api.w.org\/{rel}","templated":true}]}}