{"id":33010,"date":"2020-06-07T08:56:42","date_gmt":"2020-06-07T14:56:42","guid":{"rendered":"https:\/\/portaltactica.com\/?p=33010"},"modified":"2020-06-07T08:56:45","modified_gmt":"2020-06-07T14:56:45","slug":"conor-mcgregor-se-retira-de-la-lucha-profesional","status":"publish","type":"post","link":"https:\/\/portaltactica.com\/?p=33010","title":{"rendered":"Conor McGregor se retira de la lucha profesional"},"content":{"rendered":"\n<p>La estrella del\u00a0UFC,\u00a0Conor McGregor,\u00a0anunci\u00f3\u00a0en redes sociales este s\u00e1bado por la noche que se\u00a0retira\u00a0de pelear.<\/p>\n\n\n\n<figure class=\"wp-block-embed-twitter wp-block-embed is-type-rich is-provider-twitter\"><div class=\"wp-block-embed__wrapper\">\n<blockquote class=\"twitter-tweet\" data-width=\"550\" data-dnt=\"true\"><p lang=\"en\" dir=\"ltr\">Hey guys I\u2019ve decided to retire from fighting.<br>Thank you all for the amazing memories! What a ride it\u2019s been!<br>Here is a picture of myself and my mother in Las Vegas post one of my World title wins!<br>Pick the home of your dreams Mags I love you!<br>Whatever you desire it\u2019s yours \u2764\ufe0f <a href=\"https:\/\/t.co\/Dh4ijsZacZ\">pic.twitter.com\/Dh4ijsZacZ<\/a><\/p>&mdash; Conor McGregor (@TheNotoriousMMA) <a href=\"https:\/\/twitter.com\/TheNotoriousMMA\/status\/1269492917317533696?ref_src=twsrc%5Etfw\">June 7, 2020<\/a><\/blockquote><script async src=\"https:\/\/platform.twitter.com\/widgets.js\" charset=\"utf-8\"><\/script>\n<\/div><\/figure>\n\n\n\n<p>&#8220;Hola chicos, he decidido&nbsp;<strong>retira<\/strong>rme de pelear&#8221;, escribi\u00f3&nbsp;<strong>McGregor<\/strong>&nbsp;en su publicaci\u00f3n. &#8220;Gracias a todos por los incre\u00edbles recuerdos. \u00a1Qu\u00e9 viaje ha sido!<\/p>\n\n\n\n<p>&#8220;Aqu\u00ed hay una foto m\u00eda y de mi madre en Las Vegas despu\u00e9s de una de mis victorias en peleas por el t\u00edtulo mundial. Elijan el hogar de tus sue\u00f1os, Mags [Margaret], te amo. Lo que desees, es tuyo&#8221;.<\/p>\n\n\n\n<p><strong>McGregor<\/strong>&nbsp;(22-4), originario de Irlanda, viene de una victoria por nocaut en 40 segundos sobre Donald &#8220;Cowboy&#8221; Cerrone en enero.<\/p>\n\n\n\n<p>El presidente del&nbsp;<strong>UFC<\/strong>, Dana White, le dijo a&nbsp;<strong><em>ESPN<\/em><\/strong>&nbsp;la semana pasada que no ha hablado con el ex campe\u00f3n de dos divisiones sobre su pr\u00f3xima pelea.<\/p>\n\n\n\n<p><strong>McGregor<\/strong>, de 31 a\u00f1os de edad, ha &#8220;aceptado&#8221; todo desde una pelea de box contra el boxeador retirado Oscar De La Hoya hasta una s\u00faper pelea contra la leyenda brasile\u00f1a de las artes marciales mixtas\u00a0Anderson Silva.<\/p>\n\n\n\n<p>Tambi\u00e9n insinu\u00f3 un regreso al oct\u00e1gono en julio y apunt\u00f3 al reci\u00e9n coronado campe\u00f3n interino de peso ligero\u00a0Justin Gaethje\u00a0como posible rival.<\/p>\n\n\n\n<p><strong>McGregor<\/strong>&nbsp;ha anunciado dos veces su&nbsp;<strong>retiro<\/strong>&nbsp;en&nbsp;<em>Twitter<\/em>, sin embargo, ha vuelto a pelear. Este s\u00e1bado por la ma\u00f1ana,&nbsp;<strong>McGregor<\/strong>&nbsp;public\u00f3 un video entrenando en su cochera.<\/p>\n\n\n\n<p>White tambi\u00e9n se\u00f1al\u00f3 esta semana que el mejor camino para\u00a0<strong>McGregor<\/strong>\u00a0podr\u00eda ser esperar para enfrentar al ganador de la pelea por el t\u00edtulo entre Gaethje y el enemigo de\u00a0<strong>McGregor<\/strong>,\u00a0Khabib Nurmagomedov.<\/p>\n\n\n\n<p>Este s\u00e1bado, White fue cuestionado sobre el retiro de McGregor luego del UFC 250 en el APEX de Las Vegas<\/p>\n\n\n\n<p>&#8220;Nadie est\u00e1 presionando a alguien para pelear&#8221;, declar\u00f3 White a la prensa. &#8220;Si\u00a0<strong>Conor McGregor<\/strong>\u00a0siente que quiere retirarse, ya saben lo que siento sobre el retiro, debes hacerlo en absoluto. Y amo a\u00a0<strong>Conor<\/strong>\u2026 hay un pu\u00f1ado de gente que ha hecho esto realmente divertido para m\u00ed. Y \u00c9l es uno de ellos&#8221;.<\/p>\n\n\n\n<figure class=\"wp-block-image size-full is-resized\"><img fetchpriority=\"high\" decoding=\"async\" src=\"https:\/\/portaltactica.com\/wp-content\/uploads\/2020\/06\/2-3.jpg\" alt=\"\" class=\"wp-image-33012\" width=\"663\" height=\"373\" srcset=\"https:\/\/portaltactica.com\/wp-content\/uploads\/2020\/06\/2-3.jpg 990w, https:\/\/portaltactica.com\/wp-content\/uploads\/2020\/06\/2-3-500x280.jpg 500w, https:\/\/portaltactica.com\/wp-content\/uploads\/2020\/06\/2-3-768x432.jpg 768w, https:\/\/portaltactica.com\/wp-content\/uploads\/2020\/06\/2-3-585x329.jpg 585w\" sizes=\"(max-width: 663px) 100vw, 663px\" \/><\/figure>\n\n\n\n<p><strong>McGregor<\/strong>, de 31 a\u00f1os de edad, se<strong>\u00a0retir\u00f3\u00a0<\/strong>en\u00a0<em>Twitter<\/em>\u00a0en el 2016 por una disputa con el\u00a0<strong>UFC<\/strong>\u00a0sobre viajar para hablar con los medios para su pelea en el\u00a0<strong>UFC 200<\/strong>\u00a0contra\u00a0Nate Diaz.\u00a0<strong>UFC<\/strong>\u00a0sac\u00f3 a McGregor de la pelea porque no acudi\u00f3 a una conferencia de prensa en Estados Unidos.\u00a0<strong>McGregor<\/strong>\u00a0escribi\u00f3 el 19 de abril del 2016 en\u00a0<em>Twitter<\/em>: &#8220;He decidido retirarme joven. Gracias por el queso. Los veo luego&#8221;.<\/p>\n\n\n\n<p>Otro&nbsp;<strong>retiro<\/strong>&nbsp;ocurri\u00f3 el 25 de marzo del 2019, pero termin\u00f3 volviendo para participar en el&nbsp;<strong>UFC 247<\/strong>, donde venci\u00f3 a McDonald por nocaut t\u00e9cnico en apenas 40 segundos.<\/p>\n\n\n\n<p><strong>McGregor<\/strong>\u00a0(22-4) s\u00f3lo tiene dos derrotas en el\u00a0<strong>UFC<\/strong>, una ante Nurmagomedov y otra ante Diaz, que m\u00e1s tarde en la revancha. &#8220;The Notorious&#8221; se convirti\u00f3 en el primer peleador del\u00a0<strong>UFC<\/strong>\u00a0en ganar dos t\u00edtulos en dos divisiones distintas de manera simult\u00e1nea, primero noqueando a\u00a0Jose Aldo\u00a0para arrebatarle el cetro gallo y despu\u00e9s noqueando a\u00a0Eddie Alvarez\u00a0por el t\u00edtulo ligero.<\/p>\n\n\n\n<p><\/p>\n\n\n\n<p style=\"font-size:9px\"><em>Fuente: ESPN.<\/em><\/p>\n<div class='share-to-whatsapp-wrapper'><div class='share-on-whsp'>Share on: <\/div><a data-text='Conor McGregor se retira de la lucha profesional' data-link='https:\/\/portaltactica.com\/?p=33010' class='whatsapp-button whatsapp-share'>WhatsApp<\/a><div class='clear '><\/div><\/div>","protected":false},"excerpt":{"rendered":"<p>La estrella del\u00a0UFC,\u00a0Conor McGregor,\u00a0anunci\u00f3\u00a0en redes sociales este s\u00e1bado por la noche que se\u00a0retira\u00a0de pelear. &#8220;Hola chicos, he decidido&nbsp;retirarme de pelear&#8221;, escribi\u00f3&nbsp;McGregor&nbsp;en&hellip;<\/p>\n","protected":false},"author":2,"featured_media":33011,"comment_status":"open","ping_status":"open","sticky":false,"template":"","format":"standard","meta":{"advanced_seo_description":"","jetpack_seo_html_title":"","jetpack_seo_noindex":false,"_jetpack_memberships_contains_paid_content":false,"footnotes":"","jetpack_publicize_message":"","jetpack_publicize_feature_enabled":true,"jetpack_social_post_already_shared":true,"jetpack_social_options":{"image_generator_settings":{"template":"highway","default_image_id":0,"font":"","enabled":false},"version":2}},"categories":[1898,1896],"tags":[199,198],"class_list":["post-33010","post","type-post","status-publish","format-standard","has-post-thumbnail","hentry","category-destacado-internacional","category-destacado-portada","tag-conor-mcgregor","tag-ufc"],"jetpack_publicize_connections":[],"jetpack_featured_media_url":"https:\/\/portaltactica.com\/wp-content\/uploads\/2020\/06\/1-6.jpg","jetpack_sharing_enabled":true,"_links":{"self":[{"href":"https:\/\/portaltactica.com\/index.php?rest_route=\/wp\/v2\/posts\/33010","targetHints":{"allow":["GET"]}}],"collection":[{"href":"https:\/\/portaltactica.com\/index.php?rest_route=\/wp\/v2\/posts"}],"about":[{"href":"https:\/\/portaltactica.com\/index.php?rest_route=\/wp\/v2\/types\/post"}],"author":[{"embeddable":true,"href":"https:\/\/portaltactica.com\/index.php?rest_route=\/wp\/v2\/users\/2"}],"replies":[{"embeddable":true,"href":"https:\/\/portaltactica.com\/index.php?rest_route=%2Fwp%2Fv2%2Fcomments&post=33010"}],"version-history":[{"count":1,"href":"https:\/\/portaltactica.com\/index.php?rest_route=\/wp\/v2\/posts\/33010\/revisions"}],"predecessor-version":[{"id":33014,"href":"https:\/\/portaltactica.com\/index.php?rest_route=\/wp\/v2\/posts\/33010\/revisions\/33014"}],"wp:featuredmedia":[{"embeddable":true,"href":"https:\/\/portaltactica.com\/index.php?rest_route=\/wp\/v2\/media\/33011"}],"wp:attachment":[{"href":"https:\/\/portaltactica.com\/index.php?rest_route=%2Fwp%2Fv2%2Fmedia&parent=33010"}],"wp:term":[{"taxonomy":"category","embeddable":true,"href":"https:\/\/portaltactica.com\/index.php?rest_route=%2Fwp%2Fv2%2Fcategories&post=33010"},{"taxonomy":"post_tag","embeddable":true,"href":"https:\/\/portaltactica.com\/index.php?rest_route=%2Fwp%2Fv2%2Ftags&post=33010"}],"curies":[{"name":"wp","href":"https:\/\/api.w.org\/{rel}","templated":true}]}}