{"id":32241,"date":"2020-05-25T14:41:30","date_gmt":"2020-05-25T20:41:30","guid":{"rendered":"https:\/\/portaltactica.com\/?p=32241"},"modified":"2020-05-25T14:41:33","modified_gmt":"2020-05-25T20:41:33","slug":"se-confirma-que-no-habra-copa-mx-durante-2020-y-2021","status":"publish","type":"post","link":"https:\/\/portaltactica.com\/?p=32241","title":{"rendered":"Se confirma que no habr\u00e1 Copa MX durante 2020 y 2021"},"content":{"rendered":"\n<p>Con la finalidad de apoyar a la Selecci\u00f3n Mexicana de futbol en el pr\u00f3ximo a\u00f1o futbol\u00edstico, el presidente de la Liga MX, Enrique Bonilla inform\u00f3 que la Copa MX tendr\u00e1 una pausa en la temporada 2020-2021,&nbsp;<strong>sin embargo la Final entre&nbsp;Xolos&nbsp;y Rayados que qued\u00f3 pendiente s\u00ed se jugar\u00e1 y ya se buscan fechas para que este compromiso se pueda llevar a cabo.<\/strong><\/p>\n\n\n\n<p>Justo cuando comenz\u00f3 la pandemia de coronavirus y se detuvieron todas las actividades en cuanto a futbol en el mundo se refiere, la Selecci\u00f3n mexicana estaba por disputar partidos de Fecha FIFA en la Uni\u00f3n Americana, sin embargo se suspendieron estos partidos ante Rep\u00fablica Checa y Grecia.<\/p>\n\n\n\n<figure class=\"wp-block-image size-full is-resized\"><img fetchpriority=\"high\" decoding=\"async\" src=\"https:\/\/portaltactica.com\/wp-content\/uploads\/2020\/05\/7-9.jpg\" alt=\"\" class=\"wp-image-32243\" width=\"618\" height=\"412\" srcset=\"https:\/\/portaltactica.com\/wp-content\/uploads\/2020\/05\/7-9.jpg 900w, https:\/\/portaltactica.com\/wp-content\/uploads\/2020\/05\/7-9-768x512.jpg 768w, https:\/\/portaltactica.com\/wp-content\/uploads\/2020\/05\/7-9-585x390.jpg 585w, https:\/\/portaltactica.com\/wp-content\/uploads\/2020\/05\/7-9-263x175.jpg 263w, https:\/\/portaltactica.com\/wp-content\/uploads\/2020\/05\/7-9-272x182.jpg 272w\" sizes=\"(max-width: 618px) 100vw, 618px\" \/><\/figure>\n\n\n\n<p>As\u00ed mismo, tampoco se pudo disputar el Torneo Preol\u00edmpico de la Selecci\u00f3n mexicana Sub-23 que ten\u00eda como sede Guadalajara en los estadios Jalisco y Akron, dejando a otro cuadro Tricolor con las ganas de tener actividad en este a\u00f1o, sin embargo se espera que el cuadro nacional retome actividades en el segundo semestre del 2020, una vez que se haya levantado la orden de confinamiento para evitar contagios de COVID-19.<\/p>\n\n\n\n<p><\/p>\n\n\n\n<p style=\"font-size:8px\">Fuente: Informador.<\/p>\n<div class='share-to-whatsapp-wrapper'><div class='share-on-whsp'>Share on: <\/div><a data-text='Se confirma que no habr\u00e1 Copa MX durante 2020 y 2021' data-link='https:\/\/portaltactica.com\/?p=32241' class='whatsapp-button whatsapp-share'>WhatsApp<\/a><div class='clear '><\/div><\/div>","protected":false},"excerpt":{"rendered":"<p>Con la finalidad de apoyar a la Selecci\u00f3n Mexicana de futbol en el pr\u00f3ximo a\u00f1o futbol\u00edstico, el presidente de la Liga&hellip;<\/p>\n","protected":false},"author":2,"featured_media":32242,"comment_status":"open","ping_status":"open","sticky":false,"template":"","format":"standard","meta":{"advanced_seo_description":"","jetpack_seo_html_title":"","jetpack_seo_noindex":false,"_jetpack_memberships_contains_paid_content":false,"footnotes":"","jetpack_publicize_message":"","jetpack_publicize_feature_enabled":true,"jetpack_social_post_already_shared":true,"jetpack_social_options":{"image_generator_settings":{"template":"highway","default_image_id":0,"font":"","enabled":false},"version":2}},"categories":[1897,1896],"tags":[226,3344,3429,2679],"class_list":["post-32241","post","type-post","status-publish","format-standard","has-post-thumbnail","hentry","category-destacado-nacional","category-destacado-portada","tag-copa-mx","tag-coronavirus","tag-covid-19","tag-enrique-bonilla"],"jetpack_publicize_connections":[],"jetpack_featured_media_url":"https:\/\/portaltactica.com\/wp-content\/uploads\/2020\/05\/8-8.jpg","jetpack_sharing_enabled":true,"_links":{"self":[{"href":"https:\/\/portaltactica.com\/index.php?rest_route=\/wp\/v2\/posts\/32241","targetHints":{"allow":["GET"]}}],"collection":[{"href":"https:\/\/portaltactica.com\/index.php?rest_route=\/wp\/v2\/posts"}],"about":[{"href":"https:\/\/portaltactica.com\/index.php?rest_route=\/wp\/v2\/types\/post"}],"author":[{"embeddable":true,"href":"https:\/\/portaltactica.com\/index.php?rest_route=\/wp\/v2\/users\/2"}],"replies":[{"embeddable":true,"href":"https:\/\/portaltactica.com\/index.php?rest_route=%2Fwp%2Fv2%2Fcomments&post=32241"}],"version-history":[{"count":1,"href":"https:\/\/portaltactica.com\/index.php?rest_route=\/wp\/v2\/posts\/32241\/revisions"}],"predecessor-version":[{"id":32244,"href":"https:\/\/portaltactica.com\/index.php?rest_route=\/wp\/v2\/posts\/32241\/revisions\/32244"}],"wp:featuredmedia":[{"embeddable":true,"href":"https:\/\/portaltactica.com\/index.php?rest_route=\/wp\/v2\/media\/32242"}],"wp:attachment":[{"href":"https:\/\/portaltactica.com\/index.php?rest_route=%2Fwp%2Fv2%2Fmedia&parent=32241"}],"wp:term":[{"taxonomy":"category","embeddable":true,"href":"https:\/\/portaltactica.com\/index.php?rest_route=%2Fwp%2Fv2%2Fcategories&post=32241"},{"taxonomy":"post_tag","embeddable":true,"href":"https:\/\/portaltactica.com\/index.php?rest_route=%2Fwp%2Fv2%2Ftags&post=32241"}],"curies":[{"name":"wp","href":"https:\/\/api.w.org\/{rel}","templated":true}]}}