{"id":32226,"date":"2020-05-25T12:46:10","date_gmt":"2020-05-25T18:46:10","guid":{"rendered":"https:\/\/portaltactica.com\/?p=32226"},"modified":"2020-05-25T12:46:20","modified_gmt":"2020-05-25T18:46:20","slug":"nadal-vuelve-a-la-normalidad-poco-a-poco-y-reanudara-sus-entrenamientos","status":"publish","type":"post","link":"https:\/\/portaltactica.com\/?p=32226","title":{"rendered":"Nadal vuelve a la normalidad poco a poco y reanudar\u00e1 sus entrenamientos"},"content":{"rendered":"\n<p>El tenista espa\u00f1ol Rafael Nadal anunci\u00f3 su regreso a las canchas luego de m\u00e1s de dos meses de inactividad por el brote de coronavirus que aqueja al mundo entero.<\/p>\n\n\n\n<p>&#8220;El Matador&#8221; dio a conocer, en su cuenta de Twitter, que volvi\u00f3 a sus entrenamientos dentro de su academia en Mallorca, Espa\u00f1a, luego de que el Gobierno declarara la Fase 1, que permite a los deportistas regresar a los entrenamientos.<\/p>\n\n\n\n<p><strong>&#8220;Feliz de volver a mis pr\u00e1cticas y feliz por los ni\u00f1os en la Rafa Nadal\u00a0Academy\u00a0quienes tambi\u00e9n pueden jugar. Aqu\u00ed algunas im\u00e1genes de hoy&#8221;,<\/strong>\u00a0escribi\u00f3 el ex n\u00famero uno del mundo, acompa\u00f1ado de un video con im\u00e1genes de su primer entrenamiento.<\/p>\n\n\n\n<figure class=\"wp-block-image size-large\"><img fetchpriority=\"high\" decoding=\"async\" width=\"840\" height=\"477\" src=\"https:\/\/portaltactica.com\/wp-content\/uploads\/2020\/05\/6-11-840x477.jpg\" alt=\"\" class=\"wp-image-32228\"\/><\/figure>\n\n\n\n<figure class=\"wp-block-embed-twitter wp-block-embed is-type-rich is-provider-twitter\"><div class=\"wp-block-embed__wrapper\">\n<blockquote class=\"twitter-tweet\" data-width=\"550\" data-dnt=\"true\"><p lang=\"es\" dir=\"ltr\">\u00a1El \ud83c\udfa5 que todos esper\u00e1bamos! \ud83d\ude0d<br><br>\ud83d\udca5 <a href=\"https:\/\/twitter.com\/RafaelNadal?ref_src=twsrc%5Etfw\">@RafaelNadal<\/a> vuelve a jugar al tenis en las pistas de la <a href=\"https:\/\/twitter.com\/hashtag\/RafaNadalAcademyByMovistar?src=hash&amp;ref_src=twsrc%5Etfw\">#RafaNadalAcademyByMovistar<\/a>\u203c\ufe0f <br><br>\u00a1A nosotros nos hac\u00eda MUCHA ilusi\u00f3n verle de nuevo! \u00bfY a ti? <a href=\"https:\/\/t.co\/6sZJcqS7Wo\">pic.twitter.com\/6sZJcqS7Wo<\/a><\/p>&mdash; Rafa Nadal Academy by Movistar (@rnadalacademy) <a href=\"https:\/\/twitter.com\/rnadalacademy\/status\/1264878445001048064?ref_src=twsrc%5Etfw\">May 25, 2020<\/a><\/blockquote><script async src=\"https:\/\/platform.twitter.com\/widgets.js\" charset=\"utf-8\"><\/script>\n<\/div><\/figure>\n\n\n\n<p>Durante la cuarentena, el espa\u00f1ol confes\u00f3 en una pl\u00e1tica mediante Instagram con el suizo Roger Federer, que no hab\u00eda tocado una raqueta de tenis durante su confinamiento, pero al parecer Rafa no tuvo problemas durante su regreso a las canchas.<\/p>\n\n\n\n<p>Aunque el futuro del circuito de la Asociaci\u00f3n de Tenistas Profesionales (ATP) y el de la Asociaci\u00f3n Femenil de Tenis (WTA) a\u00fan es incierto, tentativamente la actividad regresar\u00e1 el 31 de julio, por lo que los jugadores quieren llegar de la mejor manera, sin embargo, aun puede haber cambios.<\/p>\n\n\n\n<p><\/p>\n\n\n\n<p style=\"font-size:9px\"><em>Fuente: Informador.<\/em><\/p>\n<div class='share-to-whatsapp-wrapper'><div class='share-on-whsp'>Share on: <\/div><a data-text='Nadal vuelve a la normalidad poco a poco y reanudar\u00e1 sus entrenamientos' data-link='https:\/\/portaltactica.com\/?p=32226' class='whatsapp-button whatsapp-share'>WhatsApp<\/a><div class='clear '><\/div><\/div>","protected":false},"excerpt":{"rendered":"<p>El tenista espa\u00f1ol Rafael Nadal anunci\u00f3 su regreso a las canchas luego de m\u00e1s de dos meses de inactividad por el&hellip;<\/p>\n","protected":false},"author":2,"featured_media":32227,"comment_status":"open","ping_status":"open","sticky":false,"template":"","format":"standard","meta":{"advanced_seo_description":"","jetpack_seo_html_title":"","jetpack_seo_noindex":false,"_jetpack_memberships_contains_paid_content":false,"footnotes":"","jetpack_publicize_message":"","jetpack_publicize_feature_enabled":true,"jetpack_social_post_already_shared":true,"jetpack_social_options":{"image_generator_settings":{"template":"highway","default_image_id":0,"font":"","enabled":false},"version":2}},"categories":[1898],"tags":[3429,78,77],"class_list":["post-32226","post","type-post","status-publish","format-standard","has-post-thumbnail","hentry","category-destacado-internacional","tag-covid-19","tag-rafael-nadal","tag-tenis"],"jetpack_publicize_connections":[],"jetpack_featured_media_url":"https:\/\/portaltactica.com\/wp-content\/uploads\/2020\/05\/5-15.jpg","jetpack_sharing_enabled":true,"_links":{"self":[{"href":"https:\/\/portaltactica.com\/index.php?rest_route=\/wp\/v2\/posts\/32226","targetHints":{"allow":["GET"]}}],"collection":[{"href":"https:\/\/portaltactica.com\/index.php?rest_route=\/wp\/v2\/posts"}],"about":[{"href":"https:\/\/portaltactica.com\/index.php?rest_route=\/wp\/v2\/types\/post"}],"author":[{"embeddable":true,"href":"https:\/\/portaltactica.com\/index.php?rest_route=\/wp\/v2\/users\/2"}],"replies":[{"embeddable":true,"href":"https:\/\/portaltactica.com\/index.php?rest_route=%2Fwp%2Fv2%2Fcomments&post=32226"}],"version-history":[{"count":1,"href":"https:\/\/portaltactica.com\/index.php?rest_route=\/wp\/v2\/posts\/32226\/revisions"}],"predecessor-version":[{"id":32229,"href":"https:\/\/portaltactica.com\/index.php?rest_route=\/wp\/v2\/posts\/32226\/revisions\/32229"}],"wp:featuredmedia":[{"embeddable":true,"href":"https:\/\/portaltactica.com\/index.php?rest_route=\/wp\/v2\/media\/32227"}],"wp:attachment":[{"href":"https:\/\/portaltactica.com\/index.php?rest_route=%2Fwp%2Fv2%2Fmedia&parent=32226"}],"wp:term":[{"taxonomy":"category","embeddable":true,"href":"https:\/\/portaltactica.com\/index.php?rest_route=%2Fwp%2Fv2%2Fcategories&post=32226"},{"taxonomy":"post_tag","embeddable":true,"href":"https:\/\/portaltactica.com\/index.php?rest_route=%2Fwp%2Fv2%2Ftags&post=32226"}],"curies":[{"name":"wp","href":"https:\/\/api.w.org\/{rel}","templated":true}]}}