{"id":32215,"date":"2020-05-25T12:04:26","date_gmt":"2020-05-25T18:04:26","guid":{"rendered":"https:\/\/portaltactica.com\/?p=32215"},"modified":"2020-05-25T12:04:31","modified_gmt":"2020-05-25T18:04:31","slug":"barcelona-lanza-cubrebocas-con-su-propio-diseno","status":"publish","type":"post","link":"https:\/\/portaltactica.com\/?p=32215","title":{"rendered":"Barcelona lanza cubrebocas con su propio dise\u00f1o"},"content":{"rendered":"\n<p style=\"font-size:22px\" class=\"has-text-align-center\"><strong><em>El club espa\u00f1ol intenta llegar a sus aficionados en tiempos donde el futbol ha estado ausente<\/em><\/strong><\/p>\n\n\n\n<p>El\u00a0<strong>FC Barcelona<\/strong>\u00a0ha empezado a comercializar sus primeros cubrebocas, que estar\u00e1n disponibles en tres modelos diferentes de dise\u00f1o exclusivo, a partir de este lunes, en la Bar\u00e7a Store de Paseo de Gracia, la primera de las seis tiendas oficiales de explotaci\u00f3n directa que ha abierto sus puertas al p\u00fablico.<\/p>\n\n\n\n<p>Ma\u00f1ana martes ya&nbsp;<strong>podr\u00e1n adquirirse a trav\u00e9s del tienda &#8220;on-line&#8221;<\/strong>&nbsp;de la Bar\u00e7a Store del Camp Nou, y estar\u00e1n disponibles en el resto de tiendas oficiales de explotaci\u00f3n directa por parte del club &#8211; las Bar\u00e7a Store del Camp Nou, Canaletas, La Roca Village y las de las terminales T1 y T2 del aeropuerto de Barcelona- a medida que estas vayan abriendo.<\/p>\n\n\n\n<p>Seg\u00fan ha informado la entidad azulgrana, estas mascarillas son de producci\u00f3n local, se confeccionan en un taller de Matar\u00f3 con algod\u00f3n 100 % ecol\u00f3gico y\u00a0<strong>cumplen todas las garant\u00edas de seguridad y normativas sanitarias.<\/strong><\/p>\n\n\n\n<figure class=\"wp-block-embed-twitter wp-block-embed is-type-rich is-provider-twitter\"><div class=\"wp-block-embed__wrapper\">\n<blockquote class=\"twitter-tweet\" data-width=\"550\" data-dnt=\"true\"><p lang=\"es\" dir=\"ltr\">As\u00ed son las primeras mascarillas del Bar\u00e7a con dise\u00f1os exclusivos. \u00a1Estad atentos! \ud83d\udc99\u2764 <a href=\"https:\/\/t.co\/rGv53otArL\">pic.twitter.com\/rGv53otArL<\/a><\/p>&mdash; FC Barcelona (desde \ud83c\udfe0) (@FCBarcelona_es) <a href=\"https:\/\/twitter.com\/FCBarcelona_es\/status\/1264890226553638912?ref_src=twsrc%5Etfw\">May 25, 2020<\/a><\/blockquote><script async src=\"https:\/\/platform.twitter.com\/widgets.js\" charset=\"utf-8\"><\/script>\n<\/div><\/figure>\n\n\n\n<p>Se trata de una mascarilla higi\u00e9nica reutilizable de uso diario, y su protecci\u00f3n contra la transmisi\u00f3n de la\u00a0<strong>COVID-19<\/strong>\u00a0-aseguran desde el FC Barcelona- est\u00e1 garantizada hasta 40 lavados, con un uso m\u00e1ximo recomendado por el fabricante de 8 horas despu\u00e9s de cada lavado.<\/p>\n\n\n\n<p>La primera hornada de mascarillas dispone de tres modelos con dise\u00f1os exclusivos creados que el Bar\u00e7a\u00a0<strong>pretende ampliar con nuevos dise\u00f1os en funci\u00f3n de la respuesta del p\u00fablico<\/strong>\u00a0y de la demanda, hasta llegar a producir seis o siete modelos de mascarillas diferentes.<\/p>\n\n\n\n<figure class=\"wp-block-embed-twitter wp-block-embed is-type-rich is-provider-twitter\"><div class=\"wp-block-embed__wrapper\">\n<blockquote class=\"twitter-tweet\" data-width=\"550\" data-dnt=\"true\"><p lang=\"es\" dir=\"ltr\">Mirad lo que estamos preparando&#8230; <a href=\"https:\/\/t.co\/NM9T9OQYBX\">pic.twitter.com\/NM9T9OQYBX<\/a><\/p>&mdash; FC Barcelona (desde \ud83c\udfe0) (@FCBarcelona_es) <a href=\"https:\/\/twitter.com\/FCBarcelona_es\/status\/1264880837616717824?ref_src=twsrc%5Etfw\">May 25, 2020<\/a><\/blockquote><script async src=\"https:\/\/platform.twitter.com\/widgets.js\" charset=\"utf-8\"><\/script>\n<\/div><\/figure>\n\n\n\n<p>En un principio, est\u00e1n disponibles un modelo azul con motivos azulgrana, un modelo inspirado en la &#8216;senyera&#8217; y otro modelo inspirado en dibujos de jugadores.<strong>\u00a0Todos los dise\u00f1os se pueden encontrar en tres cortes diferentes<\/strong>: uno para los m\u00e1s peque\u00f1os (de 3 a 6 a\u00f1os), otro para ni\u00f1os y ni\u00f1as de entre 7 a 12 a\u00f1os y una tercera talla \u00fanica para adultos.<\/p>\n\n\n\n<figure class=\"wp-block-image size-large\"><img fetchpriority=\"high\" decoding=\"async\" width=\"840\" height=\"557\" src=\"https:\/\/portaltactica.com\/wp-content\/uploads\/2020\/05\/4-18-840x557.jpg\" alt=\"\" class=\"wp-image-32224\" srcset=\"https:\/\/portaltactica.com\/wp-content\/uploads\/2020\/05\/4-18-840x557.jpg 840w, https:\/\/portaltactica.com\/wp-content\/uploads\/2020\/05\/4-18-780x516.jpg 780w, https:\/\/portaltactica.com\/wp-content\/uploads\/2020\/05\/4-18-263x175.jpg 263w\" sizes=\"(max-width: 840px) 100vw, 840px\" \/><\/figure>\n\n\n\n<p>El precio de venta al p\u00fablico de estas mascarillas es de 18 euros, y el club trabaja para poder ofrecer pr\u00f3ximamente paquetes de compra que puedan responder a diferentes necesidades, como las familiares.<\/p>\n\n\n\n<p>Asimismo, tambi\u00e9n se producir\u00e1n pr\u00f3ximamente otros modelos de mascarillas m\u00e1s econ\u00f3micos y adaptables a otros usos, como las mascarillas de tipo quir\u00fargicas, m\u00e1s sencillas, que se puedan licenciar y poder aumentar as\u00ed la distribuci\u00f3n en otros puntos de venta m\u00e1s all\u00e1 de las tiendas oficiales.\u00a0<\/p>\n\n\n\n<p><\/p>\n\n\n\n<p style=\"font-size:9px\"><em>Fuente: Informador.<\/em><\/p>\n<div class='share-to-whatsapp-wrapper'><div class='share-on-whsp'>Share on: <\/div><a data-text='Barcelona lanza cubrebocas con su propio dise\u00f1o' data-link='https:\/\/portaltactica.com\/?p=32215' class='whatsapp-button whatsapp-share'>WhatsApp<\/a><div class='clear '><\/div><\/div>","protected":false},"excerpt":{"rendered":"<p>El club espa\u00f1ol intenta llegar a sus aficionados en tiempos donde el futbol ha estado ausente El\u00a0FC Barcelona\u00a0ha empezado a comercializar&hellip;<\/p>\n","protected":false},"author":2,"featured_media":32221,"comment_status":"open","ping_status":"open","sticky":false,"template":"","format":"standard","meta":{"advanced_seo_description":"","jetpack_seo_html_title":"","jetpack_seo_noindex":false,"_jetpack_memberships_contains_paid_content":false,"footnotes":"","jetpack_publicize_message":"","jetpack_publicize_feature_enabled":true,"jetpack_social_post_already_shared":true,"jetpack_social_options":{"image_generator_settings":{"template":"highway","default_image_id":0,"font":"","enabled":false},"version":2}},"categories":[6],"tags":[35,3429],"class_list":["post-32215","post","type-post","status-publish","format-standard","has-post-thumbnail","hentry","category-internacional","tag-barcelona","tag-covid-19"],"jetpack_publicize_connections":[],"jetpack_featured_media_url":"https:\/\/portaltactica.com\/wp-content\/uploads\/2020\/05\/3-22.jpg","jetpack_sharing_enabled":true,"_links":{"self":[{"href":"https:\/\/portaltactica.com\/index.php?rest_route=\/wp\/v2\/posts\/32215","targetHints":{"allow":["GET"]}}],"collection":[{"href":"https:\/\/portaltactica.com\/index.php?rest_route=\/wp\/v2\/posts"}],"about":[{"href":"https:\/\/portaltactica.com\/index.php?rest_route=\/wp\/v2\/types\/post"}],"author":[{"embeddable":true,"href":"https:\/\/portaltactica.com\/index.php?rest_route=\/wp\/v2\/users\/2"}],"replies":[{"embeddable":true,"href":"https:\/\/portaltactica.com\/index.php?rest_route=%2Fwp%2Fv2%2Fcomments&post=32215"}],"version-history":[{"count":1,"href":"https:\/\/portaltactica.com\/index.php?rest_route=\/wp\/v2\/posts\/32215\/revisions"}],"predecessor-version":[{"id":32225,"href":"https:\/\/portaltactica.com\/index.php?rest_route=\/wp\/v2\/posts\/32215\/revisions\/32225"}],"wp:featuredmedia":[{"embeddable":true,"href":"https:\/\/portaltactica.com\/index.php?rest_route=\/wp\/v2\/media\/32221"}],"wp:attachment":[{"href":"https:\/\/portaltactica.com\/index.php?rest_route=%2Fwp%2Fv2%2Fmedia&parent=32215"}],"wp:term":[{"taxonomy":"category","embeddable":true,"href":"https:\/\/portaltactica.com\/index.php?rest_route=%2Fwp%2Fv2%2Fcategories&post=32215"},{"taxonomy":"post_tag","embeddable":true,"href":"https:\/\/portaltactica.com\/index.php?rest_route=%2Fwp%2Fv2%2Ftags&post=32215"}],"curies":[{"name":"wp","href":"https:\/\/api.w.org\/{rel}","templated":true}]}}