{"id":31975,"date":"2020-05-20T18:20:54","date_gmt":"2020-05-21T00:20:54","guid":{"rendered":"https:\/\/portaltactica.com\/?p=31975"},"modified":"2020-05-20T18:21:01","modified_gmt":"2020-05-21T00:21:01","slug":"avenida-rafael-buelna-se-concluiria-de-manera-adelantada-en-agosto","status":"publish","type":"post","link":"https:\/\/portaltactica.com\/?p=31975","title":{"rendered":"Avenida Rafael Buelna se concluir\u00eda de manera adelantada en agosto"},"content":{"rendered":"\n<p class=\"has-medium-font-size\"><strong>El Director de Obras P\u00fablicas del Municipio, destaca que las constructoras tienen el compromiso de entregarla en octubre.<\/strong><\/p>\n\n\n\n<p>Mazatl\u00e1n.- De manera adelantada podr\u00eda entregarse la avenida Rafael Buelna que est\u00e1 en proceso de remodelaci\u00f3n, destac\u00f3 el Director de Obras P\u00fablicas del Municipio, Juan de Dios Garay Vel\u00e1zquez.<\/p>\n\n\n\n<p>Detall\u00f3 que de acuerdo al reporte de las constructoras, la pavimentaci\u00f3n registra un avance de entre 90 a 95 por ciento, y que en el caso de la ciclo v\u00eda, lo trabajos est\u00e1n cercanos al 70 por ciento. Adem\u00e1s dijo que ya se inici\u00f3 la instalaci\u00f3n de vegetaci\u00f3n en el cuerpo del camell\u00f3n, y cerca de la mitad de la avenida cuenta con la nueva iluminaci\u00f3n.<\/p>\n\n\n\n<p>Record\u00f3 que la fecha pactada de entrega se estableci\u00f3 para el mes de octubre, en un proyecto de una inversi\u00f3n cercano a los 230 millones de pesos.<\/p>\n\n\n\n<p>\u201cProbablemente en agosto se est\u00e9 terminando. La circunstancia que vive el pa\u00eds y la ciudad han hecho que el tr\u00e1fico vehicular sea menor y por lo tanto se ha podido acelerar los trabajos sin afectar a los beneficiarios. Estamos hablando de que posiblemente durante las lluvias sea cuando est\u00e9n haciendo los \u00faltimos trabajos, pero si son trabajos de jardiner\u00eda, en lugar debe de perjudicar lo va a beneficiar\u201d, coment\u00f3 el funcionario municipal.<\/p>\n\n\n\n<p>El Director de Obras P\u00fablicas Municipales agreg\u00f3 que adicionalmente se est\u00e1 construyendo drenaje pluvial que no estaba contemplado en el proyecto original, en el cruce con la avenida Col\u00f3n, a la altura de la sub estaci\u00f3n de la Comisi\u00f3n Federal de Electricidad, para atender el problema de inundaci\u00f3n.<\/p>\n\n\n\n<div class=\"wp-block-jetpack-tiled-gallery aligncenter is-style-rectangular\"><div class=\"tiled-gallery__gallery\"><div class=\"tiled-gallery__row\"><div class=\"tiled-gallery__col\"><figure class=\"tiled-gallery__item\"><img decoding=\"async\" srcset=\"https:\/\/i2.wp.com\/portaltactica.com\/wp-content\/uploads\/2020\/05\/WhatsApp-Image-2020-05-20-at-4.14.09-PM.jpeg?strip=info&#038;w=600&#038;ssl=1 600w,https:\/\/i2.wp.com\/portaltactica.com\/wp-content\/uploads\/2020\/05\/WhatsApp-Image-2020-05-20-at-4.14.09-PM.jpeg?strip=info&#038;w=900&#038;ssl=1 900w,https:\/\/i2.wp.com\/portaltactica.com\/wp-content\/uploads\/2020\/05\/WhatsApp-Image-2020-05-20-at-4.14.09-PM.jpeg?strip=info&#038;w=1200&#038;ssl=1 1200w,https:\/\/i2.wp.com\/portaltactica.com\/wp-content\/uploads\/2020\/05\/WhatsApp-Image-2020-05-20-at-4.14.09-PM.jpeg?strip=info&#038;w=1280&#038;ssl=1 1280w\" alt=\"\" data-height=\"851\" data-id=\"31983\" data-link=\"https:\/\/portaltactica.com\/?attachment_id=31983\" data-url=\"https:\/\/portaltactica.com\/wp-content\/uploads\/2020\/05\/WhatsApp-Image-2020-05-20-at-4.14.09-PM.jpeg\" data-width=\"1280\" src=\"https:\/\/i2.wp.com\/portaltactica.com\/wp-content\/uploads\/2020\/05\/WhatsApp-Image-2020-05-20-at-4.14.09-PM.jpeg?ssl=1\"\/><\/figure><\/div><div class=\"tiled-gallery__col\"><figure class=\"tiled-gallery__item\"><img decoding=\"async\" srcset=\"https:\/\/i0.wp.com\/portaltactica.com\/wp-content\/uploads\/2020\/05\/WhatsApp-Image-2020-05-20-at-4.14.08-PM1.jpeg?strip=info&#038;w=600&#038;ssl=1 600w,https:\/\/i0.wp.com\/portaltactica.com\/wp-content\/uploads\/2020\/05\/WhatsApp-Image-2020-05-20-at-4.14.08-PM1.jpeg?strip=info&#038;w=900&#038;ssl=1 900w,https:\/\/i0.wp.com\/portaltactica.com\/wp-content\/uploads\/2020\/05\/WhatsApp-Image-2020-05-20-at-4.14.08-PM1.jpeg?strip=info&#038;w=1200&#038;ssl=1 1200w,https:\/\/i0.wp.com\/portaltactica.com\/wp-content\/uploads\/2020\/05\/WhatsApp-Image-2020-05-20-at-4.14.08-PM1.jpeg?strip=info&#038;w=1280&#038;ssl=1 1280w\" alt=\"\" data-height=\"851\" data-id=\"31984\" data-link=\"https:\/\/portaltactica.com\/?attachment_id=31984\" data-url=\"https:\/\/portaltactica.com\/wp-content\/uploads\/2020\/05\/WhatsApp-Image-2020-05-20-at-4.14.08-PM1.jpeg\" data-width=\"1280\" src=\"https:\/\/i0.wp.com\/portaltactica.com\/wp-content\/uploads\/2020\/05\/WhatsApp-Image-2020-05-20-at-4.14.08-PM1.jpeg?ssl=1\"\/><\/figure><figure class=\"tiled-gallery__item\"><img decoding=\"async\" srcset=\"https:\/\/i0.wp.com\/portaltactica.com\/wp-content\/uploads\/2020\/05\/WhatsApp-Image-2020-05-20-at-4.14.08-PM.jpeg?strip=info&#038;w=600&#038;ssl=1 600w,https:\/\/i0.wp.com\/portaltactica.com\/wp-content\/uploads\/2020\/05\/WhatsApp-Image-2020-05-20-at-4.14.08-PM.jpeg?strip=info&#038;w=900&#038;ssl=1 900w,https:\/\/i0.wp.com\/portaltactica.com\/wp-content\/uploads\/2020\/05\/WhatsApp-Image-2020-05-20-at-4.14.08-PM.jpeg?strip=info&#038;w=1200&#038;ssl=1 1200w,https:\/\/i0.wp.com\/portaltactica.com\/wp-content\/uploads\/2020\/05\/WhatsApp-Image-2020-05-20-at-4.14.08-PM.jpeg?strip=info&#038;w=1280&#038;ssl=1 1280w\" alt=\"\" data-height=\"851\" data-id=\"31985\" data-link=\"https:\/\/portaltactica.com\/?attachment_id=31985\" data-url=\"https:\/\/portaltactica.com\/wp-content\/uploads\/2020\/05\/WhatsApp-Image-2020-05-20-at-4.14.08-PM.jpeg\" data-width=\"1280\" src=\"https:\/\/i0.wp.com\/portaltactica.com\/wp-content\/uploads\/2020\/05\/WhatsApp-Image-2020-05-20-at-4.14.08-PM.jpeg?ssl=1\"\/><\/figure><\/div><\/div><\/div><\/div>\n<div class='share-to-whatsapp-wrapper'><div class='share-on-whsp'>Share on: <\/div><a data-text='Avenida Rafael Buelna se concluir\u00eda de manera adelantada en agosto' data-link='https:\/\/portaltactica.com\/?p=31975' class='whatsapp-button whatsapp-share'>WhatsApp<\/a><div class='clear '><\/div><\/div>","protected":false},"excerpt":{"rendered":"<p>El Director de Obras P\u00fablicas del Municipio, destaca que las constructoras tienen el compromiso de entregarla en octubre. Mazatl\u00e1n.- De manera&hellip;<\/p>\n","protected":false},"author":1,"featured_media":31982,"comment_status":"open","ping_status":"open","sticky":false,"template":"","format":"standard","meta":{"advanced_seo_description":"","jetpack_seo_html_title":"","jetpack_seo_noindex":false,"_jetpack_memberships_contains_paid_content":false,"footnotes":"","jetpack_publicize_message":"","jetpack_publicize_feature_enabled":true,"jetpack_social_post_already_shared":true,"jetpack_social_options":{"image_generator_settings":{"template":"highway","default_image_id":0,"font":"","enabled":false},"version":2}},"categories":[949],"tags":[1269],"class_list":["post-31975","post","type-post","status-publish","format-standard","has-post-thumbnail","hentry","category-destacado-mi-sinaloa","tag-ayuntamiento-de-mazatlan"],"jetpack_publicize_connections":[],"jetpack_featured_media_url":"https:\/\/portaltactica.com\/wp-content\/uploads\/2020\/05\/WhatsApp-Image-2020-05-20-at-4.14.09-PM1.jpeg","jetpack_sharing_enabled":true,"_links":{"self":[{"href":"https:\/\/portaltactica.com\/index.php?rest_route=\/wp\/v2\/posts\/31975","targetHints":{"allow":["GET"]}}],"collection":[{"href":"https:\/\/portaltactica.com\/index.php?rest_route=\/wp\/v2\/posts"}],"about":[{"href":"https:\/\/portaltactica.com\/index.php?rest_route=\/wp\/v2\/types\/post"}],"author":[{"embeddable":true,"href":"https:\/\/portaltactica.com\/index.php?rest_route=\/wp\/v2\/users\/1"}],"replies":[{"embeddable":true,"href":"https:\/\/portaltactica.com\/index.php?rest_route=%2Fwp%2Fv2%2Fcomments&post=31975"}],"version-history":[{"count":1,"href":"https:\/\/portaltactica.com\/index.php?rest_route=\/wp\/v2\/posts\/31975\/revisions"}],"predecessor-version":[{"id":31986,"href":"https:\/\/portaltactica.com\/index.php?rest_route=\/wp\/v2\/posts\/31975\/revisions\/31986"}],"wp:featuredmedia":[{"embeddable":true,"href":"https:\/\/portaltactica.com\/index.php?rest_route=\/wp\/v2\/media\/31982"}],"wp:attachment":[{"href":"https:\/\/portaltactica.com\/index.php?rest_route=%2Fwp%2Fv2%2Fmedia&parent=31975"}],"wp:term":[{"taxonomy":"category","embeddable":true,"href":"https:\/\/portaltactica.com\/index.php?rest_route=%2Fwp%2Fv2%2Fcategories&post=31975"},{"taxonomy":"post_tag","embeddable":true,"href":"https:\/\/portaltactica.com\/index.php?rest_route=%2Fwp%2Fv2%2Ftags&post=31975"}],"curies":[{"name":"wp","href":"https:\/\/api.w.org\/{rel}","templated":true}]}}