{"id":31970,"date":"2020-05-20T14:12:22","date_gmt":"2020-05-20T20:12:22","guid":{"rendered":"https:\/\/portaltactica.com\/?p=31970"},"modified":"2020-05-20T14:12:25","modified_gmt":"2020-05-20T20:12:25","slug":"preparatoria-dr-salvador-allende-hace-su-mayor-esfuerzo-por-cumplir-con-la-formacion-academica-de-sus-alumnos","status":"publish","type":"post","link":"https:\/\/portaltactica.com\/?p=31970","title":{"rendered":"Preparatoria Dr. Salvador Allende hace su mayor esfuerzo por cumplir con la formaci\u00f3n acad\u00e9mica de sus alumnos"},"content":{"rendered":"\n<p>Alrededor del 90 del alumnado perteneciente a la Unidad Acad\u00e9mica Preparatoria Dr. Salvador Allende y su extensi\u00f3n Marcelo Loya de la Universidad Aut\u00f3noma de Sinaloa (UAS) est\u00e1 cursando de manera satisfactoria cada una de las asignaturas&nbsp;dispuestas en l\u00ednea a partir del 20 de marzo en todo el Estado frente a la pandemia provocada por el coronavirus, como parte de las acciones propuestas por el Rector, el doctor Juan Eulogio Guerra Liera, para contribuir con la formaci\u00f3n acad\u00e9mica de los estudiantes universitarios desde casa.<\/p>\n\n\n\n<p>Lo anterior, lo confirm\u00f3 v\u00eda telef\u00f3nica la directora del plantel, la maestra Lourdes Araceli Vargas Paredes, quien adem\u00e1s dijo que su planta docente conformada por m\u00e1s de doscientos maestros distribuidos en todas las \u00e1reas del conocimiento, ha \u201csacado la casta\u201d para cumplir efectivamente los objetivos de cada programa, por lo que est\u00e1 orgullosa de ellos.<\/p>\n\n\n\n<p>En ese sentido comparti\u00f3 que los profesores hacen uso de&nbsp;Classroom&nbsp;y&nbsp;Zoom&nbsp;para impartir los contenidos y actividades que propone cada una de las academias generales desde la Direcci\u00f3n General de Escuelas Preparatorias (DGEP) a cargo del doctor Armando Fl\u00f3rez Arco.<\/p>\n\n\n\n<figure class=\"wp-block-image size-large\"><img fetchpriority=\"high\" decoding=\"async\" width=\"840\" height=\"576\" src=\"https:\/\/portaltactica.com\/wp-content\/uploads\/2020\/05\/WhatsApp-Image-2020-05-20-at-12.59.54-PM1-840x576.jpeg\" alt=\"\" class=\"wp-image-31972\"\/><\/figure>\n\n\n\n<p>\u201cNos pone la plataforma donde hay ejercicios y ex\u00e1menes propuestos para poder trabajar con los estudiantes; nos da la libertad a los maestros de que \u2018si t\u00fa crees que lo puedes manejar mejor red social, hazlo por red social\u2019, nos da el apoyo. Por eso nosotros, lo que es el nivel medio superior en la Universidad Aut\u00f3noma de Sinaloa, debemos estar muy contentos\u201d, manifest\u00f3.<\/p>\n\n\n\n<p>Por otro lado, habl\u00f3 de las actividades que est\u00e1n llevando a cabo los titulares de los talleres de este plantel, con el prop\u00f3sito de desarrollar habilidades art\u00edsticas, culturales y deportivas en los j\u00f3venes.<\/p>\n\n\n\n<p>\u201cLos maestros de deportes se han dedicado a hacer activaci\u00f3n f\u00edsica con los estudiantes en vivo, ah\u00ed se ve en los videos donde los chicos est\u00e1n con la activaci\u00f3n o practicando alguna rutina, por ejemplo, el equipo de porristas, f\u00fatbol r\u00e1pido, voleibol, todos ellos han estado buscando la activaci\u00f3n [\u2026] hemos ido avanzando acatando las indicaciones del rector, el doctor Juan Eulogio Guerra Liera quien siempre nos dice que es primero la salud y la integridad de nuestros estudiantes\u201d, cont\u00f3.<\/p>\n\n\n\n<p>En cuanto a los programas culturales que la UAPDSA tiene a disposici\u00f3n de toda su comunidad, destac\u00f3 \u201cCaf\u00e9 Literario\u201d con el que, desde hace dos a\u00f1os, han introducido a los j\u00f3venes al mundo de las letras y la poes\u00eda, y que por primera vez se imparte de manera virtual con motivo de los festejos por el D\u00eda del Maestro.<\/p>\n\n\n\n<p>Vargas Paredes asumi\u00f3, adem\u00e1s, que la preparatoria est\u00e1 contribuyendo a la salud emocional de los j\u00f3venes estudiantes y sus familias, de acuerdo con las actividades propuestas por la Unidad de Bienestar Universitario que dirige la licenciada Patricia Guadalupe Corrales de Guerra.<\/p>\n\n\n\n<figure class=\"wp-block-image size-full\"><img decoding=\"async\" width=\"1024\" height=\"575\" src=\"https:\/\/portaltactica.com\/wp-content\/uploads\/2020\/05\/WhatsApp-Image-2020-05-20-at-12.59.54-PM.jpeg\" alt=\"\" class=\"wp-image-31973\" srcset=\"https:\/\/portaltactica.com\/wp-content\/uploads\/2020\/05\/WhatsApp-Image-2020-05-20-at-12.59.54-PM.jpeg 1024w, https:\/\/portaltactica.com\/wp-content\/uploads\/2020\/05\/WhatsApp-Image-2020-05-20-at-12.59.54-PM-500x280.jpeg 500w, https:\/\/portaltactica.com\/wp-content\/uploads\/2020\/05\/WhatsApp-Image-2020-05-20-at-12.59.54-PM-768x431.jpeg 768w, https:\/\/portaltactica.com\/wp-content\/uploads\/2020\/05\/WhatsApp-Image-2020-05-20-at-12.59.54-PM-585x328.jpeg 585w\" sizes=\"(max-width: 1024px) 100vw, 1024px\" \/><\/figure>\n\n\n\n<p>Finalmente, la directora reconoci\u00f3 que, aunque fue dif\u00edcil para el cuerpo docente que conforma esta unidad acad\u00e9mica y su extensi\u00f3n, la transici\u00f3n de una clase tradicional a una clase en l\u00ednea, hasta el momento se han observado buenos resultados en el aprovechamiento escolar, cultural y deportivo de la mayor\u00eda de los estudiantes.<\/p>\n\n\n\n<p>Por \u00faltimo, destac\u00f3 la buena comunicaci\u00f3n y el trabajo realizado por las autoridades universitarias para concluir en tiempo y forma este ciclo escolar seg\u00fan las condiciones de salud por las que atraviesa el pa\u00eds en estos momentos.<\/p>\n\n\n\n<p>\u201cMi reconocimiento muy especial para el rector Juan Eulogio Guerra Liera y para el doctor Armando Fl\u00f3rez Arco porque no nos han dejado de la mano; la verdad, nos han estado guiando, nos est\u00e1n dando toda la informaci\u00f3n que viene de ANUIES, de la federaci\u00f3n, nos la dicen en tiempo y forma, siempre pensando en nuestros estudiantes y en nuestra planta de maestros y administrativos\u201d, concluy\u00f3.&nbsp;<\/p>\n<div class='share-to-whatsapp-wrapper'><div class='share-on-whsp'>Share on: <\/div><a data-text='Preparatoria Dr. Salvador Allende hace su mayor esfuerzo por cumplir con la formaci\u00f3n acad\u00e9mica de sus alumnos' data-link='https:\/\/portaltactica.com\/?p=31970' class='whatsapp-button whatsapp-share'>WhatsApp<\/a><div class='clear '><\/div><\/div>","protected":false},"excerpt":{"rendered":"<p>Alrededor del 90 del alumnado perteneciente a la Unidad Acad\u00e9mica Preparatoria Dr. Salvador Allende y su extensi\u00f3n Marcelo Loya de la&hellip;<\/p>\n","protected":false},"author":1,"featured_media":31971,"comment_status":"open","ping_status":"open","sticky":false,"template":"","format":"standard","meta":{"advanced_seo_description":"","jetpack_seo_html_title":"","jetpack_seo_noindex":false,"_jetpack_memberships_contains_paid_content":false,"footnotes":"","jetpack_publicize_message":"","jetpack_publicize_feature_enabled":true,"jetpack_social_post_already_shared":true,"jetpack_social_options":{"image_generator_settings":{"template":"highway","default_image_id":0,"font":"","enabled":false},"version":2}},"categories":[947],"tags":[558],"class_list":["post-31970","post","type-post","status-publish","format-standard","has-post-thumbnail","hentry","category-universidad","tag-uas"],"jetpack_publicize_connections":[],"jetpack_featured_media_url":"https:\/\/portaltactica.com\/wp-content\/uploads\/2020\/05\/WhatsApp-Image-2020-05-20-at-12.59.54-PM2.jpeg","jetpack_sharing_enabled":true,"_links":{"self":[{"href":"https:\/\/portaltactica.com\/index.php?rest_route=\/wp\/v2\/posts\/31970","targetHints":{"allow":["GET"]}}],"collection":[{"href":"https:\/\/portaltactica.com\/index.php?rest_route=\/wp\/v2\/posts"}],"about":[{"href":"https:\/\/portaltactica.com\/index.php?rest_route=\/wp\/v2\/types\/post"}],"author":[{"embeddable":true,"href":"https:\/\/portaltactica.com\/index.php?rest_route=\/wp\/v2\/users\/1"}],"replies":[{"embeddable":true,"href":"https:\/\/portaltactica.com\/index.php?rest_route=%2Fwp%2Fv2%2Fcomments&post=31970"}],"version-history":[{"count":1,"href":"https:\/\/portaltactica.com\/index.php?rest_route=\/wp\/v2\/posts\/31970\/revisions"}],"predecessor-version":[{"id":31974,"href":"https:\/\/portaltactica.com\/index.php?rest_route=\/wp\/v2\/posts\/31970\/revisions\/31974"}],"wp:featuredmedia":[{"embeddable":true,"href":"https:\/\/portaltactica.com\/index.php?rest_route=\/wp\/v2\/media\/31971"}],"wp:attachment":[{"href":"https:\/\/portaltactica.com\/index.php?rest_route=%2Fwp%2Fv2%2Fmedia&parent=31970"}],"wp:term":[{"taxonomy":"category","embeddable":true,"href":"https:\/\/portaltactica.com\/index.php?rest_route=%2Fwp%2Fv2%2Fcategories&post=31970"},{"taxonomy":"post_tag","embeddable":true,"href":"https:\/\/portaltactica.com\/index.php?rest_route=%2Fwp%2Fv2%2Ftags&post=31970"}],"curies":[{"name":"wp","href":"https:\/\/api.w.org\/{rel}","templated":true}]}}