{"id":31900,"date":"2020-05-19T12:00:02","date_gmt":"2020-05-19T18:00:02","guid":{"rendered":"https:\/\/portaltactica.com\/?p=31900"},"modified":"2020-05-19T12:00:07","modified_gmt":"2020-05-19T18:00:07","slug":"anuncian-las-nuevas-fechas-para-el-gran-premio-de-monaco","status":"publish","type":"post","link":"https:\/\/portaltactica.com\/?p=31900","title":{"rendered":"Anuncian las nuevas fechas para el Gran Premio de M\u00f3naco"},"content":{"rendered":"\n<p style=\"font-size:22px\" class=\"has-text-align-center\"><strong><em>Meses despu\u00e9s de informar su cancelaci\u00f3n en este 2020, debido a la pandemia del coronavirus<\/em><\/strong><\/p>\n\n\n\n<p>Todav\u00eda no se celebra ninguna carrera de la\u00a0<strong>F\u00f3rmula 1<\/strong>\u00a0en este a\u00f1o y el\u00a0<strong>Gran Premio de M\u00f3naco<\/strong>\u00a0ya anunci\u00f3 sus fechas para el 2021, meses despu\u00e9s de informar su cancelaci\u00f3n en este 2020, debido a la pandemia del coronavirus.<\/p>\n\n\n\n<p>El Automobile Club de M\u00f3naco comunic\u00f3 este martes que albergar\u00eda todas sus carreras en un lapso de cinco semanas, empezando por el Gran Premio Hist\u00f3rico que se celebrar\u00e1 del 23 al 25 de abril. Semanas despu\u00e9s, el principado albergar\u00e1 la F\u00f3rmula E, el 8 de mayo.<\/p>\n\n\n\n<figure class=\"wp-block-image size-full is-resized\"><img fetchpriority=\"high\" decoding=\"async\" src=\"https:\/\/portaltactica.com\/wp-content\/uploads\/2020\/05\/7-6.jpg\" alt=\"\" class=\"wp-image-31902\" width=\"655\" height=\"255\" srcset=\"https:\/\/portaltactica.com\/wp-content\/uploads\/2020\/05\/7-6.jpg 1280w, https:\/\/portaltactica.com\/wp-content\/uploads\/2020\/05\/7-6-768x300.jpg 768w, https:\/\/portaltactica.com\/wp-content\/uploads\/2020\/05\/7-6-1170x457.jpg 1170w, https:\/\/portaltactica.com\/wp-content\/uploads\/2020\/05\/7-6-585x229.jpg 585w\" sizes=\"(max-width: 655px) 100vw, 655px\" \/><\/figure>\n\n\n\n<p>Finalmente,\u00a0<strong>el Gran Circo se reencontrar\u00eda en M\u00f3naco del 20 al 23 de mayo del siguiente a\u00f1o, luego de su ausencia en este 2020;<\/strong>\u00a0ya que no se negoci\u00f3 una postergaci\u00f3n ni un aplazamiento por parte de las autoridades.<\/p>\n\n\n\n<figure class=\"wp-block-embed-twitter wp-block-embed is-type-rich is-provider-twitter\"><div class=\"wp-block-embed__wrapper\">\n<blockquote class=\"twitter-tweet\" data-width=\"550\" data-dnt=\"true\"><p lang=\"fr\" dir=\"ltr\">\ud83d\udea8 Communiqu\u00e9 de l&#39;Automobile Club de Monaco \ud83c\uddeb\ud83c\uddf7\ud83d\udea8<a href=\"https:\/\/twitter.com\/hashtag\/MonacoGP?src=hash&amp;ref_src=twsrc%5Etfw\">#MonacoGP<\/a> <a href=\"https:\/\/twitter.com\/hashtag\/F1?src=hash&amp;ref_src=twsrc%5Etfw\">#F1<\/a> <a href=\"https:\/\/twitter.com\/hashtag\/MonacoEPrix?src=hash&amp;ref_src=twsrc%5Etfw\">#MonacoEPrix<\/a> <a href=\"https:\/\/twitter.com\/hashtag\/GrandPrixMonacoHistorique?src=hash&amp;ref_src=twsrc%5Etfw\">#GrandPrixMonacoHistorique<\/a> <a href=\"https:\/\/t.co\/Rt2V2D3MTJ\">pic.twitter.com\/Rt2V2D3MTJ<\/a><\/p>&mdash; Automobile Club MC (@ACM_Media) <a href=\"https:\/\/twitter.com\/ACM_Media\/status\/1262684422014267393?ref_src=twsrc%5Etfw\">May 19, 2020<\/a><\/blockquote><script async src=\"https:\/\/platform.twitter.com\/widgets.js\" charset=\"utf-8\"><\/script>\n<\/div><\/figure>\n\n\n\n<p>De igual modo, se inform\u00f3 que&nbsp;<strong>los preparativos para el circuito callejero comenzar\u00e1n a finales de febrero para cumplir con los nuevos requisitos tras la pandemia,<\/strong>&nbsp;ya que se requiere estar al pendiente de cualquier detalle.<\/p>\n\n\n\n<p>De esta manera, M\u00f3naco se convirti\u00f3 en el primer Gran Premio en poner una fecha para el 2021, a pesar de que la categor\u00eda reina no ha publicado ning\u00fan calendario al respecto.<\/p>\n\n\n\n<p>&#8220;El a\u00f1o 2021 ser\u00e1 excepcional dado que pasado, presente y futuro se unir\u00e1n con tres prestigiosos eventos en las calles del Principado: a la decimosegunda edici\u00f3n del Gran Premio de M\u00f3naco hist\u00f3rico le seguir\u00e1 el cuarto ePrix de M\u00f3naco el 8 de mayo y la edici\u00f3n 78 del Gran Premio de M\u00f3naco los d\u00edas 20, 22 y 23 de mayo&#8221;, comparte el Automobile Club de M\u00f3naco.<\/p>\n\n\n\n<p><\/p>\n\n\n\n<p style=\"font-size:9px\"><em>Fuente: Informador.<\/em><\/p>\n<div class='share-to-whatsapp-wrapper'><div class='share-on-whsp'>Share on: <\/div><a data-text='Anuncian las nuevas fechas para el Gran Premio de M\u00f3naco' data-link='https:\/\/portaltactica.com\/?p=31900' class='whatsapp-button whatsapp-share'>WhatsApp<\/a><div class='clear '><\/div><\/div>","protected":false},"excerpt":{"rendered":"<p>Meses despu\u00e9s de informar su cancelaci\u00f3n en este 2020, debido a la pandemia del coronavirus Todav\u00eda no se celebra ninguna carrera&hellip;<\/p>\n","protected":false},"author":2,"featured_media":31901,"comment_status":"open","ping_status":"open","sticky":false,"template":"","format":"standard","meta":{"advanced_seo_description":"","jetpack_seo_html_title":"","jetpack_seo_noindex":false,"_jetpack_memberships_contains_paid_content":false,"footnotes":"","jetpack_publicize_message":"","jetpack_publicize_feature_enabled":true,"jetpack_social_post_already_shared":true,"jetpack_social_options":{"image_generator_settings":{"template":"highway","default_image_id":0,"font":"","enabled":false},"version":2}},"categories":[1896,6],"tags":[3344,3429,543,188,3444,3430],"class_list":["post-31900","post","type-post","status-publish","format-standard","has-post-thumbnail","hentry","category-destacado-portada","category-internacional","tag-coronavirus","tag-covid-19","tag-f1","tag-formula-1","tag-formula-uno","tag-gran-premio-de-monaco"],"jetpack_publicize_connections":[],"jetpack_featured_media_url":"https:\/\/portaltactica.com\/wp-content\/uploads\/2020\/05\/8-5.jpg","jetpack_sharing_enabled":true,"_links":{"self":[{"href":"https:\/\/portaltactica.com\/index.php?rest_route=\/wp\/v2\/posts\/31900","targetHints":{"allow":["GET"]}}],"collection":[{"href":"https:\/\/portaltactica.com\/index.php?rest_route=\/wp\/v2\/posts"}],"about":[{"href":"https:\/\/portaltactica.com\/index.php?rest_route=\/wp\/v2\/types\/post"}],"author":[{"embeddable":true,"href":"https:\/\/portaltactica.com\/index.php?rest_route=\/wp\/v2\/users\/2"}],"replies":[{"embeddable":true,"href":"https:\/\/portaltactica.com\/index.php?rest_route=%2Fwp%2Fv2%2Fcomments&post=31900"}],"version-history":[{"count":1,"href":"https:\/\/portaltactica.com\/index.php?rest_route=\/wp\/v2\/posts\/31900\/revisions"}],"predecessor-version":[{"id":31903,"href":"https:\/\/portaltactica.com\/index.php?rest_route=\/wp\/v2\/posts\/31900\/revisions\/31903"}],"wp:featuredmedia":[{"embeddable":true,"href":"https:\/\/portaltactica.com\/index.php?rest_route=\/wp\/v2\/media\/31901"}],"wp:attachment":[{"href":"https:\/\/portaltactica.com\/index.php?rest_route=%2Fwp%2Fv2%2Fmedia&parent=31900"}],"wp:term":[{"taxonomy":"category","embeddable":true,"href":"https:\/\/portaltactica.com\/index.php?rest_route=%2Fwp%2Fv2%2Fcategories&post=31900"},{"taxonomy":"post_tag","embeddable":true,"href":"https:\/\/portaltactica.com\/index.php?rest_route=%2Fwp%2Fv2%2Ftags&post=31900"}],"curies":[{"name":"wp","href":"https:\/\/api.w.org\/{rel}","templated":true}]}}