{"id":3162,"date":"2019-01-24T16:24:41","date_gmt":"2019-01-24T23:24:41","guid":{"rendered":"http:\/\/portaltactica.com\/?p=3162"},"modified":"2019-01-24T16:24:47","modified_gmt":"2019-01-24T23:24:47","slug":"inauguran-imdem-champions-juvenil-en-la-amapa","status":"publish","type":"post","link":"https:\/\/portaltactica.com\/?p=3162","title":{"rendered":"Inauguran Imdem \u2018Champions\u2019 juvenil en La Amapa"},"content":{"rendered":"\n<p class=\"has-medium-font-size\"><strong>Alrededor de 50 j\u00f3venes amantes del balompi\u00e9 jugar\u00e1n la Liga de Futbol Siete que forma parte de la \u201cChampions\u201d de la zona rural<\/strong><\/p>\n\n\n\n<p>Deportivo Amapa, Atl\u00e9tico Amapa, Los Conquistadores y\n\u00c1guilas de La Amapa, saldr\u00e1n en busca de coronarse campeones de la Liga de\nFutbol Siete que inaugur\u00f3 este jueves el Instituto Municipal del Deporte en la\ncomunidad de La Amapa.<\/p>\n\n\n\n<p>Juan Jos\u00e9 Rend\u00f3n G\u00f3mez inaugur\u00f3 la nueva temporada del\ncircuito categor\u00eda Juvenil Menor Mixto ante decenas de alumnos de la\nTelesecundaria 198-E, quienes realizaron la toma de protesta realizada por el\nencargado de Promoci\u00f3n Deportiva del Imdem en la zona rural, Alfredo Crespo\nOrtiz.<\/p>\n\n\n\n<ul class=\"wp-block-gallery columns-3 is-cropped wp-block-gallery-1 is-layout-flex wp-block-gallery-is-layout-flex\"><li class=\"blocks-gallery-item\"><figure><img fetchpriority=\"high\" decoding=\"async\" width=\"709\" height=\"531\" src=\"http:\/\/portaltactica.com\/wp-content\/uploads\/2019\/01\/WhatsApp-Image-2019-01-24-at-2.29.15-PM.jpeg\" alt=\"\" data-id=\"3164\" class=\"wp-image-3164\"\/><\/figure><\/li><li class=\"blocks-gallery-item\"><figure><img decoding=\"async\" width=\"531\" height=\"709\" src=\"http:\/\/portaltactica.com\/wp-content\/uploads\/2019\/01\/WhatsApp-Image-2019-01-24-at-2.29.21-PM.jpeg\" alt=\"\" data-id=\"3165\" data-link=\"http:\/\/portaltactica.com\/?attachment_id=3165\" class=\"wp-image-3165\"\/><\/figure><\/li><li class=\"blocks-gallery-item\"><figure><img decoding=\"async\" width=\"531\" height=\"709\" src=\"http:\/\/portaltactica.com\/wp-content\/uploads\/2019\/01\/WhatsApp-Image-2019-01-24-at-2.29.16-PM.jpeg\" alt=\"\" data-id=\"3166\" data-link=\"http:\/\/portaltactica.com\/?attachment_id=3166\" class=\"wp-image-3166\"\/><\/figure><\/li><\/ul>\n\n\n\n<p>Para hacer oficial el evento, el promotor de futbol en la\nlocalidad, Juan Santiago Velarde, inst\u00f3 al profesor Arturo Javier Osuna\nLiz\u00e1rraga ejecutar la primera patada para poner en marcha el evento.<\/p>\n\n\n\n<p>Entre los invitados de honor a la apertura del torneo,\nestuvo presente Enrique Ornelas, profesor&nbsp;\ndel plantel educativo.<\/p>\n\n\n\n<p>Alrededor de 50 j\u00f3venes amantes del balompi\u00e9 estar\u00e1n participando a lo largo de la liga que forma parte de la \u201cChampions\u201d de la zona rural, que se jugar\u00e1 durante dos meses en su fase regular. La final tendr\u00e1 lugar en la Unidad Deportiva Cuchupetas, de Villa Uni\u00f3n.<\/p>\n\n\n\n<ul class=\"wp-block-gallery columns-3 is-cropped wp-block-gallery-2 is-layout-flex wp-block-gallery-is-layout-flex\"><li class=\"blocks-gallery-item\"><figure><img loading=\"lazy\" decoding=\"async\" width=\"709\" height=\"531\" src=\"http:\/\/portaltactica.com\/wp-content\/uploads\/2019\/01\/WhatsApp-Image-2019-01-24-at-2.29.20-PM.jpeg\" alt=\"\" data-id=\"3167\" data-link=\"http:\/\/portaltactica.com\/?attachment_id=3167\" class=\"wp-image-3167\"\/><\/figure><\/li><li class=\"blocks-gallery-item\"><figure><img loading=\"lazy\" decoding=\"async\" width=\"709\" height=\"531\" src=\"http:\/\/portaltactica.com\/wp-content\/uploads\/2019\/01\/WhatsApp-Image-2019-01-24-at-2.29.19-PM1.jpeg\" alt=\"\" data-id=\"3168\" data-link=\"http:\/\/portaltactica.com\/?attachment_id=3168\" class=\"wp-image-3168\"\/><\/figure><\/li><li class=\"blocks-gallery-item\"><figure><img loading=\"lazy\" decoding=\"async\" width=\"709\" height=\"531\" src=\"http:\/\/portaltactica.com\/wp-content\/uploads\/2019\/01\/WhatsApp-Image-2019-01-24-at-2.29.17-PM.jpeg\" alt=\"\" data-id=\"3169\" data-link=\"http:\/\/portaltactica.com\/?attachment_id=3169\" class=\"wp-image-3169\"\/><\/figure><\/li><li class=\"blocks-gallery-item\"><figure><img loading=\"lazy\" decoding=\"async\" width=\"709\" height=\"531\" src=\"http:\/\/portaltactica.com\/wp-content\/uploads\/2019\/01\/WhatsApp-Image-2019-01-24-at-2.29.15-PM1.jpeg\" alt=\"\" data-id=\"3170\" data-link=\"http:\/\/portaltactica.com\/?attachment_id=3170\" class=\"wp-image-3170\"\/><\/figure><\/li><li class=\"blocks-gallery-item\"><figure><img loading=\"lazy\" decoding=\"async\" width=\"709\" height=\"531\" src=\"http:\/\/portaltactica.com\/wp-content\/uploads\/2019\/01\/WhatsApp-Image-2019-01-24-at-2.29.14-PM.jpeg\" alt=\"\" data-id=\"3171\" data-link=\"http:\/\/portaltactica.com\/?attachment_id=3171\" class=\"wp-image-3171\"\/><\/figure><\/li><\/ul>\n<div class='share-to-whatsapp-wrapper'><div class='share-on-whsp'>Share on: <\/div><a data-text='Inauguran Imdem \u2018Champions\u2019 juvenil en La Amapa' data-link='https:\/\/portaltactica.com\/?p=3162' class='whatsapp-button whatsapp-share'>WhatsApp<\/a><div class='clear '><\/div><\/div>","protected":false},"excerpt":{"rendered":"<p>Alrededor de 50 j\u00f3venes amantes del balompi\u00e9 jugar\u00e1n la Liga de Futbol Siete que forma parte de la \u201cChampions\u201d de la&hellip;<\/p>\n","protected":false},"author":1,"featured_media":3163,"comment_status":"open","ping_status":"open","sticky":false,"template":"","format":"standard","meta":{"advanced_seo_description":"","jetpack_seo_html_title":"","jetpack_seo_noindex":false,"_jetpack_memberships_contains_paid_content":false,"footnotes":"","jetpack_publicize_message":"","jetpack_publicize_feature_enabled":true,"jetpack_social_post_already_shared":true,"jetpack_social_options":{"image_generator_settings":{"template":"highway","default_image_id":0,"font":"","enabled":false},"version":2}},"categories":[10],"tags":[37],"class_list":["post-3162","post","type-post","status-publish","format-standard","has-post-thumbnail","hentry","category-mazatlan","tag-imdem"],"jetpack_publicize_connections":[],"jetpack_featured_media_url":"https:\/\/portaltactica.com\/wp-content\/uploads\/2019\/01\/WhatsApp-Image-2019-01-24-at-2.29.19-PM.jpeg","jetpack_sharing_enabled":true,"_links":{"self":[{"href":"https:\/\/portaltactica.com\/index.php?rest_route=\/wp\/v2\/posts\/3162","targetHints":{"allow":["GET"]}}],"collection":[{"href":"https:\/\/portaltactica.com\/index.php?rest_route=\/wp\/v2\/posts"}],"about":[{"href":"https:\/\/portaltactica.com\/index.php?rest_route=\/wp\/v2\/types\/post"}],"author":[{"embeddable":true,"href":"https:\/\/portaltactica.com\/index.php?rest_route=\/wp\/v2\/users\/1"}],"replies":[{"embeddable":true,"href":"https:\/\/portaltactica.com\/index.php?rest_route=%2Fwp%2Fv2%2Fcomments&post=3162"}],"version-history":[{"count":1,"href":"https:\/\/portaltactica.com\/index.php?rest_route=\/wp\/v2\/posts\/3162\/revisions"}],"predecessor-version":[{"id":3172,"href":"https:\/\/portaltactica.com\/index.php?rest_route=\/wp\/v2\/posts\/3162\/revisions\/3172"}],"wp:featuredmedia":[{"embeddable":true,"href":"https:\/\/portaltactica.com\/index.php?rest_route=\/wp\/v2\/media\/3163"}],"wp:attachment":[{"href":"https:\/\/portaltactica.com\/index.php?rest_route=%2Fwp%2Fv2%2Fmedia&parent=3162"}],"wp:term":[{"taxonomy":"category","embeddable":true,"href":"https:\/\/portaltactica.com\/index.php?rest_route=%2Fwp%2Fv2%2Fcategories&post=3162"},{"taxonomy":"post_tag","embeddable":true,"href":"https:\/\/portaltactica.com\/index.php?rest_route=%2Fwp%2Fv2%2Ftags&post=3162"}],"curies":[{"name":"wp","href":"https:\/\/api.w.org\/{rel}","templated":true}]}}