{"id":29982,"date":"2020-04-04T13:22:50","date_gmt":"2020-04-04T20:22:50","guid":{"rendered":"https:\/\/portaltactica.com\/?p=29982"},"modified":"2020-04-04T13:22:53","modified_gmt":"2020-04-04T20:22:53","slug":"en-mazatlan-no-se-detendra-la-obra-publica-ni-privada-quimico-benitez-torres","status":"publish","type":"post","link":"https:\/\/portaltactica.com\/?p=29982","title":{"rendered":"En Mazatl\u00e1n, no se detendr\u00e1 la obra p\u00fablica ni privada: Qu\u00edmico Ben\u00edtez Torres"},"content":{"rendered":"\n<p class=\"has-medium-font-size\"><strong>Asegura que se busca mantener el empleo para m\u00e1s de 25 mil trabajadores de la construcci\u00f3n<\/strong>.<\/p>\n\n\n\n<p>En Mazatl\u00e1n no se va a parar la obra p\u00fablica ni la privada, inform\u00f3 hoy el Presidente Municipal de Mazatl\u00e1n, Qu\u00edmico Ben\u00edtez Torres.<\/p>\n\n\n\n<p>&#8220;Con lo que se pueda, como se pueda y hasta donde se pueda, continuar\u00e1 la obra p\u00fablica y privada&#8221;, dijo el Alcalde.<\/p>\n\n\n\n<p>Se trata, mencion\u00f3, de preservar el trabajo de m\u00e1s de 25 mil obreros que actualmente laboran en obras como la reconstrucci\u00f3n de las avenidas Rafael Buelna y Camar\u00f3n S\u00e1balo, colectores y todas las obras privadas que est\u00e1n en proceso.<\/p>\n\n\n\n<p>El Qu\u00edmico explic\u00f3 que esta medida se tom\u00f3 en conjunto con el Gobierno del Estado.<\/p>\n\n\n\n<p>Asegur\u00f3 que buscar\u00e1n insumos de cualquier empresa que desee proveer a las constructoras, para que no falte cemento, varilla y otros productos.<\/p>\n\n\n\n<figure class=\"wp-block-image size-full\"><img fetchpriority=\"high\" decoding=\"async\" width=\"1280\" height=\"854\" src=\"https:\/\/portaltactica.com\/wp-content\/uploads\/2020\/04\/WhatsApp-Image-2020-04-04-at-1.05.26-PM.jpeg\" alt=\"\" class=\"wp-image-29987\" srcset=\"https:\/\/portaltactica.com\/wp-content\/uploads\/2020\/04\/WhatsApp-Image-2020-04-04-at-1.05.26-PM.jpeg 1280w, https:\/\/portaltactica.com\/wp-content\/uploads\/2020\/04\/WhatsApp-Image-2020-04-04-at-1.05.26-PM-768x512.jpeg 768w, https:\/\/portaltactica.com\/wp-content\/uploads\/2020\/04\/WhatsApp-Image-2020-04-04-at-1.05.26-PM-272x182.jpeg 272w\" sizes=\"(max-width: 1280px) 100vw, 1280px\" \/><\/figure>\n<div class='share-to-whatsapp-wrapper'><div class='share-on-whsp'>Share on: <\/div><a data-text='En Mazatl\u00e1n, no se detendr\u00e1 la obra p\u00fablica ni privada: Qu\u00edmico Ben\u00edtez Torres' data-link='https:\/\/portaltactica.com\/?p=29982' class='whatsapp-button whatsapp-share'>WhatsApp<\/a><div class='clear '><\/div><\/div>","protected":false},"excerpt":{"rendered":"<p>Asegura que se busca mantener el empleo para m\u00e1s de 25 mil trabajadores de la construcci\u00f3n. En Mazatl\u00e1n no se va&hellip;<\/p>\n","protected":false},"author":1,"featured_media":29986,"comment_status":"open","ping_status":"open","sticky":false,"template":"","format":"standard","meta":{"advanced_seo_description":"","jetpack_seo_html_title":"","jetpack_seo_noindex":false,"_jetpack_memberships_contains_paid_content":false,"footnotes":"","jetpack_publicize_message":"","jetpack_publicize_feature_enabled":true,"jetpack_social_post_already_shared":true,"jetpack_social_options":{"image_generator_settings":{"template":"highway","default_image_id":0,"font":"","enabled":false},"version":2}},"categories":[949],"tags":[1269,1282],"class_list":["post-29982","post","type-post","status-publish","format-standard","has-post-thumbnail","hentry","category-destacado-mi-sinaloa","tag-ayuntamiento-de-mazatlan","tag-luis-guillermo-benitez-torres-3"],"jetpack_publicize_connections":[],"jetpack_featured_media_url":"https:\/\/portaltactica.com\/wp-content\/uploads\/2020\/04\/WhatsApp-Image-2020-04-04-at-1.05.06-PM.jpeg","jetpack_sharing_enabled":true,"_links":{"self":[{"href":"https:\/\/portaltactica.com\/index.php?rest_route=\/wp\/v2\/posts\/29982","targetHints":{"allow":["GET"]}}],"collection":[{"href":"https:\/\/portaltactica.com\/index.php?rest_route=\/wp\/v2\/posts"}],"about":[{"href":"https:\/\/portaltactica.com\/index.php?rest_route=\/wp\/v2\/types\/post"}],"author":[{"embeddable":true,"href":"https:\/\/portaltactica.com\/index.php?rest_route=\/wp\/v2\/users\/1"}],"replies":[{"embeddable":true,"href":"https:\/\/portaltactica.com\/index.php?rest_route=%2Fwp%2Fv2%2Fcomments&post=29982"}],"version-history":[{"count":1,"href":"https:\/\/portaltactica.com\/index.php?rest_route=\/wp\/v2\/posts\/29982\/revisions"}],"predecessor-version":[{"id":29988,"href":"https:\/\/portaltactica.com\/index.php?rest_route=\/wp\/v2\/posts\/29982\/revisions\/29988"}],"wp:featuredmedia":[{"embeddable":true,"href":"https:\/\/portaltactica.com\/index.php?rest_route=\/wp\/v2\/media\/29986"}],"wp:attachment":[{"href":"https:\/\/portaltactica.com\/index.php?rest_route=%2Fwp%2Fv2%2Fmedia&parent=29982"}],"wp:term":[{"taxonomy":"category","embeddable":true,"href":"https:\/\/portaltactica.com\/index.php?rest_route=%2Fwp%2Fv2%2Fcategories&post=29982"},{"taxonomy":"post_tag","embeddable":true,"href":"https:\/\/portaltactica.com\/index.php?rest_route=%2Fwp%2Fv2%2Ftags&post=29982"}],"curies":[{"name":"wp","href":"https:\/\/api.w.org\/{rel}","templated":true}]}}