{"id":29981,"date":"2020-04-04T11:40:05","date_gmt":"2020-04-04T18:40:05","guid":{"rendered":"https:\/\/portaltactica.com\/?p=29981"},"modified":"2020-04-04T11:40:07","modified_gmt":"2020-04-04T18:40:07","slug":"abuela-de-anthony-yarde-muere-a-causa-del-coronavirus","status":"publish","type":"post","link":"https:\/\/portaltactica.com\/?p=29981","title":{"rendered":"Abuela de Anthony Yarde muere a causa del coronavirus"},"content":{"rendered":"\n<p>El contendiente mundialista\u00a0<strong>Anthony Yarde<\/strong>\u00a0anunci\u00f3 este viernes que su abuela falleci\u00f3, una semana despu\u00e9s de haber revelado tambi\u00e9n la muerte de su padre, ambos a causa del\u00a0<strong>coronavirus Covid-19<\/strong>, por lo que le record\u00f3 a la sociedad en general tratar de guardar el aislamiento que est\u00e1n pidiendo las autoridades y no tomarlo a la ligera.<\/p>\n\n\n\n<p>Yarde, de 28 a\u00f1os y marca profesional de 19-1 y 18 nocauts, hizo el anuncio del nuevo fallecimiento familiar a trav\u00e9s de su cuenta de Instagram. &#8220;Mi pap\u00e1 y su mam\u00e1 fallecieron con apenas unos d\u00edas de diferente. Esto es serio. La gente sigue saliendo sin tener la necesidad de hacerlo&#8221;, dijo Anthony en su mensaje.<\/p>\n\n\n\n<p>&#8220;S\u00e9 que hay much\u00edsimas opiniones sobre el Covid-19 y yo tengo la m\u00eda, pero s\u00e9 que no vale la pena arriesgar su vida y la de los dem\u00e1s. Qu\u00e9dense en casa&#8221;, a\u00f1adi\u00f3 Anthony sobre la pandemia que ha paralizado pr\u00e1cticamente el deporte entero y tambi\u00e9n miles de actividades a nivel global.<\/p>\n\n\n\n<p>El promotor de Yarde,\u00a0<strong>Frank Warren<\/strong>, lament\u00f3 la situaci\u00f3n. &#8220;Estamos extremadamente tristes al enterarnos que Anthony Yarde perdi\u00f3 ahora a su abuela por el coronavirus. No podemos imaginar lo que Anthony y su familia est\u00e1n pasando y enviamos nuestras condolencias a todos ellos. Por favor escuchen su petici\u00f3n de quedarse en casa y salvar vidas&#8221;, se lee en el comunicado.<\/p>\n\n\n\n<p>De acuerdo con\u00a0<strong>Queensberry Promotions<\/strong>, el regreso de Yarde estaba programado para el 11 de julio ante\u00a0<strong>Lyndon Arthur<\/strong>, luego que se suspendiera la fecha inicial del 11 de abril precisamente por la contingencia que ha causado el coronavirus.<\/p>\n\n\n\n<p><\/p>\n\n\n\n<p style=\"font-size:9px\"><em>Fuente: ESPN.<\/em><\/p>\n<div class='share-to-whatsapp-wrapper'><div class='share-on-whsp'>Share on: <\/div><a data-text='Abuela de Anthony Yarde muere a causa del coronavirus' data-link='https:\/\/portaltactica.com\/?p=29981' class='whatsapp-button whatsapp-share'>WhatsApp<\/a><div class='clear '><\/div><\/div>","protected":false},"excerpt":{"rendered":"<p>El contendiente mundialista\u00a0Anthony Yarde\u00a0anunci\u00f3 este viernes que su abuela falleci\u00f3, una semana despu\u00e9s de haber revelado tambi\u00e9n la muerte de su&hellip;<\/p>\n","protected":false},"author":1,"featured_media":29983,"comment_status":"open","ping_status":"open","sticky":false,"template":"","format":"standard","meta":{"advanced_seo_description":"","jetpack_seo_html_title":"","jetpack_seo_noindex":false,"_jetpack_memberships_contains_paid_content":false,"footnotes":"","jetpack_publicize_message":"","jetpack_publicize_feature_enabled":true,"jetpack_social_post_already_shared":true,"jetpack_social_options":{"image_generator_settings":{"template":"highway","default_image_id":0,"font":"","enabled":false},"version":2}},"categories":[1896,6],"tags":[3451,200,3344],"class_list":["post-29981","post","type-post","status-publish","format-standard","has-post-thumbnail","hentry","category-destacado-portada","category-internacional","tag-anthony-yarde","tag-boxeo","tag-coronavirus"],"jetpack_publicize_connections":[],"jetpack_featured_media_url":"https:\/\/portaltactica.com\/wp-content\/uploads\/2020\/04\/3-3.jpg","jetpack_sharing_enabled":true,"_links":{"self":[{"href":"https:\/\/portaltactica.com\/index.php?rest_route=\/wp\/v2\/posts\/29981","targetHints":{"allow":["GET"]}}],"collection":[{"href":"https:\/\/portaltactica.com\/index.php?rest_route=\/wp\/v2\/posts"}],"about":[{"href":"https:\/\/portaltactica.com\/index.php?rest_route=\/wp\/v2\/types\/post"}],"author":[{"embeddable":true,"href":"https:\/\/portaltactica.com\/index.php?rest_route=\/wp\/v2\/users\/1"}],"replies":[{"embeddable":true,"href":"https:\/\/portaltactica.com\/index.php?rest_route=%2Fwp%2Fv2%2Fcomments&post=29981"}],"version-history":[{"count":1,"href":"https:\/\/portaltactica.com\/index.php?rest_route=\/wp\/v2\/posts\/29981\/revisions"}],"predecessor-version":[{"id":29984,"href":"https:\/\/portaltactica.com\/index.php?rest_route=\/wp\/v2\/posts\/29981\/revisions\/29984"}],"wp:featuredmedia":[{"embeddable":true,"href":"https:\/\/portaltactica.com\/index.php?rest_route=\/wp\/v2\/media\/29983"}],"wp:attachment":[{"href":"https:\/\/portaltactica.com\/index.php?rest_route=%2Fwp%2Fv2%2Fmedia&parent=29981"}],"wp:term":[{"taxonomy":"category","embeddable":true,"href":"https:\/\/portaltactica.com\/index.php?rest_route=%2Fwp%2Fv2%2Fcategories&post=29981"},{"taxonomy":"post_tag","embeddable":true,"href":"https:\/\/portaltactica.com\/index.php?rest_route=%2Fwp%2Fv2%2Ftags&post=29981"}],"curies":[{"name":"wp","href":"https:\/\/api.w.org\/{rel}","templated":true}]}}