{"id":29886,"date":"2020-04-01T18:29:36","date_gmt":"2020-04-02T01:29:36","guid":{"rendered":"https:\/\/portaltactica.com\/?p=29886"},"modified":"2020-04-01T18:29:40","modified_gmt":"2020-04-02T01:29:40","slug":"universitarios-podran-disponer-de-su-quincena-hoy-a-partir-de-las-8-de-la-noche","status":"publish","type":"post","link":"https:\/\/portaltactica.com\/?p=29886","title":{"rendered":"Universitarios podr\u00e1n disponer de su quincena hoy a partir de las 8 de la noche"},"content":{"rendered":"\n<p>Este d\u00eda a partir de las 20:00 horas y por los canales acostumbrados estar\u00e1 disponible la segunda quincena del mes de marzo para los trabajadores universitarios, activos y jubilados, de la Casa Rosalina, en virtud de que ya fueron depositados los 50 millones de pesos retenidos por Gobierno del Estado, as\u00ed lo anunci\u00f3 el Rector de la Universidad Aut\u00f3noma de Sinaloa (UAS), doctor Juan Eulogio Guerra Liera hace unos minutos.<\/p>\n\n\n\n<p>El Rector utiliz\u00f3 por segunda vez en este d\u00eda los micr\u00f3fonos de Radio UAS para informar a la comunidad universitaria del resultado de las intensas gestiones y del reiterado llamado que se ven\u00eda haciendo al Gobierno Estatal, a quien este mismo d\u00eda se le solicitaba reintegrar lo m\u00e1s pronto posible el recurso retenido para poder realizar el pago de su salario a los universitarios.<\/p>\n\n\n\n<p>\u201cInformarle a la comunidad universitaria que a partir de las 8 de la noche, por la v\u00eda acostumbrada estar\u00e1 disponible la segunda quincena del mes de marzo, nos fue depositado los 50 millones de pesos que se hab\u00edan retenido y esto nos permite, que era la principal preocupaci\u00f3n, garantizarles el salario a m\u00e1s de 17 mil trabajadores acad\u00e9micos, administrativos, activos y jubilados\u201d, expres\u00f3 Guerra Liera.<\/p>\n\n\n\n<p>\u201cEsto nos permite poder dar tranquilidad y las condiciones para que puedan tomar las medidas que consideren pertinentes para pasar esto d\u00edas en los que se ha ordenado por el gobierno federal estar en casa resguard\u00e1ndose\u201d, dijo.<\/p>\n\n\n\n<p>Coment\u00f3 que estuvo en comunicaci\u00f3n con la Directora General de Educaci\u00f3n Superior Universitaria (DGESU), doctora Carmen Rodr\u00edguez Armenta, para proceder con la propuesta que se hab\u00eda planteado de adelantarle a la instituci\u00f3n recursos del presupuesto de este a\u00f1o, ante lo cual se instruy\u00f3 al Secretario de Administraci\u00f3n y Finanzas de la Universidad, maestro Manuel de Jes\u00fas Lara Salazar que se vea lo correspondiente al convenio donde se establezcan estos nuevos compromisos.<\/p>\n\n\n\n<p>\u201cLo correspondiente al convenio que tiene que ver con el recurso que est\u00e1 sin ser entregado desde el a\u00f1o pasado, que son 304 millones, 204 correspondientes al Gobierno Federal, 100 al Gobierno Estatal y que se va a estar prorrateando para cubrir, con el recurso adelantado que le corresponde a la UAS, el pr\u00e9stamo o lo que adelant\u00f3 el Gobierno del Estado; est\u00e1 el compromiso firmemente respaldado y comprometido que para el mes de septiembre tendremos este monto que se adelantar\u00e1 y que no impactar\u00e1 negativamente en las quincenas y en la operaci\u00f3n de la Universidad\u201d, precis\u00f3.<\/p>\n\n\n\n<p>El Rector agradeci\u00f3 a los universitarios que estuvieron al pendiente \u201cy al pie del ca\u00f1\u00f3n\u201c esperando y escuchando las noticias y sobre todo participando en la jornada informativa y de socializaci\u00f3n en este tema que tiene que ver con la estabilidad laboral.<\/p>\n\n\n\n<p>\u201cLa buena noticia es que a partir de las 8 de la noche, por los canales acostumbrados, pueden pasar a recibir su quincena y que esto nos permita comprar los suministros, los medicamentos, todo lo que se requiera, y el llamado es a que nos quedemos en casa pero con las condiciones adecuadas que nos da el estar en familia y tener las provisiones necesarias para poder pasarlo en equilibrio y con la seguridad de que no nos falte nada\u201d, indic\u00f3.<\/p>\n\n\n\n<p>Guerra Liera dio a conocer que adem\u00e1s de la titular de la DGESU la informaci\u00f3n que recibi\u00f3 fue del Subsecretario de Educaci\u00f3n Superior, doctor Luciano Concheiro y tambi\u00e9n estuvo en comunicaci\u00f3n con el titular de la ANUIES, maestro Jaime Valls Esponda, quien tambi\u00e9n intervino en apoyo a la UAS para poder llegar a este acuerdo donde la Casa Rosalina puso como condici\u00f3n para aceptar el adelanto de recursos, que se le reintegraran los 50 millones de pesos que estaban retenidos para poder liberar la quincena de los universitarios y poder dar tr\u00e1mite a la propuesta.<\/p>\n<div class='share-to-whatsapp-wrapper'><div class='share-on-whsp'>Share on: <\/div><a data-text='Universitarios podr\u00e1n disponer de su quincena hoy a partir de las 8 de la noche' data-link='https:\/\/portaltactica.com\/?p=29886' class='whatsapp-button whatsapp-share'>WhatsApp<\/a><div class='clear '><\/div><\/div>","protected":false},"excerpt":{"rendered":"<p>Este d\u00eda a partir de las 20:00 horas y por los canales acostumbrados estar\u00e1 disponible la segunda quincena del mes de&hellip;<\/p>\n","protected":false},"author":1,"featured_media":29887,"comment_status":"open","ping_status":"open","sticky":false,"template":"","format":"standard","meta":{"advanced_seo_description":"","jetpack_seo_html_title":"","jetpack_seo_noindex":false,"_jetpack_memberships_contains_paid_content":false,"footnotes":"","jetpack_publicize_message":"","jetpack_publicize_feature_enabled":true,"jetpack_social_post_already_shared":true,"jetpack_social_options":{"image_generator_settings":{"template":"highway","default_image_id":0,"font":"","enabled":false},"version":2}},"categories":[949],"tags":[558],"class_list":["post-29886","post","type-post","status-publish","format-standard","has-post-thumbnail","hentry","category-destacado-mi-sinaloa","tag-uas"],"jetpack_publicize_connections":[],"jetpack_featured_media_url":"https:\/\/portaltactica.com\/wp-content\/uploads\/2020\/04\/WhatsApp-Image-2020-04-01-at-5.36.03-PM.jpeg","jetpack_sharing_enabled":true,"_links":{"self":[{"href":"https:\/\/portaltactica.com\/index.php?rest_route=\/wp\/v2\/posts\/29886","targetHints":{"allow":["GET"]}}],"collection":[{"href":"https:\/\/portaltactica.com\/index.php?rest_route=\/wp\/v2\/posts"}],"about":[{"href":"https:\/\/portaltactica.com\/index.php?rest_route=\/wp\/v2\/types\/post"}],"author":[{"embeddable":true,"href":"https:\/\/portaltactica.com\/index.php?rest_route=\/wp\/v2\/users\/1"}],"replies":[{"embeddable":true,"href":"https:\/\/portaltactica.com\/index.php?rest_route=%2Fwp%2Fv2%2Fcomments&post=29886"}],"version-history":[{"count":1,"href":"https:\/\/portaltactica.com\/index.php?rest_route=\/wp\/v2\/posts\/29886\/revisions"}],"predecessor-version":[{"id":29888,"href":"https:\/\/portaltactica.com\/index.php?rest_route=\/wp\/v2\/posts\/29886\/revisions\/29888"}],"wp:featuredmedia":[{"embeddable":true,"href":"https:\/\/portaltactica.com\/index.php?rest_route=\/wp\/v2\/media\/29887"}],"wp:attachment":[{"href":"https:\/\/portaltactica.com\/index.php?rest_route=%2Fwp%2Fv2%2Fmedia&parent=29886"}],"wp:term":[{"taxonomy":"category","embeddable":true,"href":"https:\/\/portaltactica.com\/index.php?rest_route=%2Fwp%2Fv2%2Fcategories&post=29886"},{"taxonomy":"post_tag","embeddable":true,"href":"https:\/\/portaltactica.com\/index.php?rest_route=%2Fwp%2Fv2%2Ftags&post=29886"}],"curies":[{"name":"wp","href":"https:\/\/api.w.org\/{rel}","templated":true}]}}