{"id":29864,"date":"2020-04-01T14:45:30","date_gmt":"2020-04-01T21:45:30","guid":{"rendered":"https:\/\/portaltactica.com\/?p=29864"},"modified":"2020-04-01T14:45:33","modified_gmt":"2020-04-01T21:45:33","slug":"planean-que-la-serie-a-se-reanude-el-20-de-mayo","status":"publish","type":"post","link":"https:\/\/portaltactica.com\/?p=29864","title":{"rendered":"Planean que la Serie A se reanude el 20 de mayo"},"content":{"rendered":"\n<p style=\"font-size:22px\" class=\"has-text-align-center\"><em><strong>Gabriele Gravina, presidente de la Federaci\u00f3n de Futbol italiana, revel\u00f3 la fecha en la que hipot\u00e9ticamente volver\u00eda a la actividad el futbol de Italia<\/strong><\/em><\/p>\n\n\n\n<p>Ante la pandemia de COVID-19,\u00a0<strong>una hip\u00f3tesis para la reanudaci\u00f3n de la temporada en la Serie A ser\u00eda el 20 de mayo<\/strong>\u00a0como un primer escenario, as\u00ed lo inform\u00f3 este mi\u00e9rcoles Gabriele Gravina, presidente de la Federaci\u00f3n de Futbol italiana (FIGC).<\/p>\n\n\n\n<blockquote class=\"wp-block-quote is-style-large is-layout-flow wp-block-quote-is-layout-flow\"><p><strong>Hasta el 18 de abril deber\u00eda haber un aislamiento total. La hip\u00f3tesis es empezar el 20 de mayo o, como \u00faltima opci\u00f3n, a principios de junio, para terminar en julio\u201d.<\/strong><\/p><cite><strong>Dijo el dirigente.<\/strong><\/cite><\/blockquote>\n\n\n\n<p>Gravina y directivos\u00a0<strong>analizan varias alternativas para el retorno del balompi\u00e9 italiano<\/strong>, pues asegur\u00f3 que las circunstancias son una incertidumbre y de fuerza mayor.<\/p>\n\n\n\n<blockquote class=\"wp-block-quote is-style-large is-layout-flow wp-block-quote-is-layout-flow\"><p><strong>Nadie a d\u00eda de hoy puede hacer previsiones hasta que tengamos esta emergencia sanitaria. Es una situaci\u00f3n \u00fanica, que afect\u00f3 todos los sectores. Pero en cuanto est\u00e9 superada debemos salir adelante y el futbol est\u00e1 pensando en qu\u00e9 manera reanudar la competici\u00f3n. La prioridad absoluta es terminar los campeonatos\u201d, a\u00f1adi\u00f3.<\/strong><\/p><\/blockquote>\n\n\n\n<p>El presidente\u00a0<strong>descart\u00f3 extender el torneo hasta agosto o septiembre<\/strong>, dado que se niega a afectar la temporada 2020-2021 por rescatar la actual y tampoco plantea la posibilidad de entregar el titulo a Juventus, actual l\u00edder en medio de la suspensi\u00f3n.<\/p>\n\n\n\n<blockquote class=\"wp-block-quote is-style-large is-layout-flow wp-block-quote-is-layout-flow\"><p><strong>Hasta se habla de terminar en agosto y septiembre, pero yo he destacado que no quiero correr el riesgo de arruinar otra temporada para salvar esta. Hoy nadie puede hacer previsiones, pero programar es un debe\u201d, sentenci\u00f3.<\/strong><\/p><\/blockquote>\n\n\n\n<p><\/p>\n\n\n\n<p style=\"font-size:9px\"><em>Fuente: Exc\u00e9lsior.<\/em><\/p>\n<div class='share-to-whatsapp-wrapper'><div class='share-on-whsp'>Share on: <\/div><a data-text='Planean que la Serie A se reanude el 20 de mayo' data-link='https:\/\/portaltactica.com\/?p=29864' class='whatsapp-button whatsapp-share'>WhatsApp<\/a><div class='clear '><\/div><\/div>","protected":false},"excerpt":{"rendered":"<p>Gabriele Gravina, presidente de la Federaci\u00f3n de Futbol italiana, revel\u00f3 la fecha en la que hipot\u00e9ticamente volver\u00eda a la actividad el&hellip;<\/p>\n","protected":false},"author":1,"featured_media":29865,"comment_status":"open","ping_status":"open","sticky":false,"template":"","format":"standard","meta":{"advanced_seo_description":"","jetpack_seo_html_title":"","jetpack_seo_noindex":false,"_jetpack_memberships_contains_paid_content":false,"footnotes":"","jetpack_publicize_message":"","jetpack_publicize_feature_enabled":true,"jetpack_social_post_already_shared":true,"jetpack_social_options":{"image_generator_settings":{"template":"highway","default_image_id":0,"font":"","enabled":false},"version":2}},"categories":[1896,6],"tags":[3344,3460,2842],"class_list":["post-29864","post","type-post","status-publish","format-standard","has-post-thumbnail","hentry","category-destacado-portada","category-internacional","tag-coronavirus","tag-gabriele-gravina","tag-serie-a"],"jetpack_publicize_connections":[],"jetpack_featured_media_url":"https:\/\/portaltactica.com\/wp-content\/uploads\/2020\/04\/5.jpg","jetpack_sharing_enabled":true,"_links":{"self":[{"href":"https:\/\/portaltactica.com\/index.php?rest_route=\/wp\/v2\/posts\/29864","targetHints":{"allow":["GET"]}}],"collection":[{"href":"https:\/\/portaltactica.com\/index.php?rest_route=\/wp\/v2\/posts"}],"about":[{"href":"https:\/\/portaltactica.com\/index.php?rest_route=\/wp\/v2\/types\/post"}],"author":[{"embeddable":true,"href":"https:\/\/portaltactica.com\/index.php?rest_route=\/wp\/v2\/users\/1"}],"replies":[{"embeddable":true,"href":"https:\/\/portaltactica.com\/index.php?rest_route=%2Fwp%2Fv2%2Fcomments&post=29864"}],"version-history":[{"count":1,"href":"https:\/\/portaltactica.com\/index.php?rest_route=\/wp\/v2\/posts\/29864\/revisions"}],"predecessor-version":[{"id":29866,"href":"https:\/\/portaltactica.com\/index.php?rest_route=\/wp\/v2\/posts\/29864\/revisions\/29866"}],"wp:featuredmedia":[{"embeddable":true,"href":"https:\/\/portaltactica.com\/index.php?rest_route=\/wp\/v2\/media\/29865"}],"wp:attachment":[{"href":"https:\/\/portaltactica.com\/index.php?rest_route=%2Fwp%2Fv2%2Fmedia&parent=29864"}],"wp:term":[{"taxonomy":"category","embeddable":true,"href":"https:\/\/portaltactica.com\/index.php?rest_route=%2Fwp%2Fv2%2Fcategories&post=29864"},{"taxonomy":"post_tag","embeddable":true,"href":"https:\/\/portaltactica.com\/index.php?rest_route=%2Fwp%2Fv2%2Ftags&post=29864"}],"curies":[{"name":"wp","href":"https:\/\/api.w.org\/{rel}","templated":true}]}}